{"id":110,"date":"2017-02-17T17:08:30","date_gmt":"2017-02-17T16:08:30","guid":{"rendered":"http:\/\/whisky-francais.com\/?p=110"},"modified":"2017-06-08T16:44:11","modified_gmt":"2017-06-08T14:44:11","slug":"remy-cointreau-domaine-des-hautes-glaces-retour-sur-lacquisition","status":"publish","type":"post","link":"https:\/\/whisky-francais.com\/index.php\/2017\/02\/17\/remy-cointreau-domaine-des-hautes-glaces-retour-sur-lacquisition\/","title":{"rendered":"R\u00e9my Cointreau \/ Domaine des Hautes Glaces : retour sur l&rsquo;acquisition."},"content":{"rendered":"<p><span style=\"font-family: helvetica, arial, sans-serif;\">C&rsquo;est officiel,\u00a0le\u00a0Domaine des Hautes Glaces rejoint le giron du Groupe R\u00e9my Cointreau apr\u00e8s l&rsquo;acquisition de 100% de son capital par ce dernier. <\/span><\/p>\n<p><span style=\"font-family: helvetica, arial, sans-serif;\">Revenons sur les d\u00e9clarations des principaux acteurs d&rsquo;une n\u00e9gociation d\u00e9but\u00e9e en\u00a0<\/span><span style=\"font-family: helvetica, arial, sans-serif;\">Octobre 2016 et close en Janvier 2017:<\/span><\/p>\n<p><span style=\"font-family: helvetica, arial, sans-serif;\"><strong>Fr\u00e9d\u00e9ric Revol<\/strong>, pr\u00e9sident fondateur du Domaine des Hautes Glaces : \u00ab <strong>Cette op\u00e9ration<\/strong> ouvre de nouveaux horizons pour notre territoire, pour notre agriculture de montagne, pour notre production de whiskys. Elle<strong> offre au Domaine la possibilit\u00e9 de poursuivre pleinement sa qu\u00eate du go\u00fbt et du terroir\u00a0<\/strong>\u00bb.<\/span><\/p>\n<p><span style=\"font-family: helvetica, arial, sans-serif;\"><strong>Val\u00e9rie Chapoulaud-Floquet<\/strong>, directrice g\u00e9n\u00e9rale du groupe R\u00e9my Cointreau : \u00ab <strong>L\u2019acquisition de la distillerie du Domaine des Hautes Glaces repr\u00e9sente, pour R\u00e9my Cointreau, l\u2019opportunit\u00e9 d\u2019int\u00e9grer dans son portefeuille une marque haut-de-gamme de whiskys single malt fran\u00e7ais<\/strong> [&#8230;]\u00a0Cette acquisition vient \u00e9galement renforcer le groupe dans le segment du single malt whisky, une cat\u00e9gorie en forte croissance dans toutes les r\u00e9gions du monde, en particulier sur le segment du tr\u00e8s haut de gamme \u00bb.<\/span><\/p>\n<p><span style=\"font-family: helvetica, arial, sans-serif;\">Aucun d\u00e9tail financier sur la transaction n&rsquo;a \u00e9t\u00e9 communiqu\u00e9 jusqu&rsquo;\u00e0 pr\u00e9sent.\u00a0<\/span><\/p>\n<p><span style=\"font-family: helvetica, arial, sans-serif;\">Pour rappel, le Groupe R\u00e9my Cointreau c&rsquo;est:<\/span><\/p>\n<ul>\n<li><span style=\"font-family: helvetica, arial, sans-serif;\">\u00a01 050,7 millions d\u2019euros de CA sur l&rsquo;exercice 2015-2016<\/span><\/li>\n<li><span style=\"font-family: helvetica, arial, sans-serif;\">Un portefeuille comprenant les cognacs <strong>R\u00e9my Martin<\/strong>, la liqueur d&rsquo;orange am\u00e8re Cointreau, les spiritueux <strong>Metaxa<\/strong>, les rums <strong>Mount Gay<\/strong>, les whiskies <strong>Bruichladdich<\/strong>, <strong>Port Charlotte<\/strong> et <strong>Octomore<\/strong> et le gin <strong>The Botanist<\/strong>.\u00a0<\/span><\/li>\n<\/ul>\n<p><span style=\"font-family: helvetica, arial, sans-serif;\">L&rsquo;annonce de<strong> l&rsquo;arr\u00eat de la production de Vulson Rhino Rye<\/strong> (gamme incluant les \u00ab\u00a0Vulson White Rhino Rye\u00a0\u00bb, \u00ab\u00a0Vulson Old Rhino Rye\u00a0\u00bb et \u00ab\u00a0Rhino Pastoral\u00a0\u00bb) en vue de la pr\u00e9servation des stocks (n\u00e9cessaires aux lancements de futurs produits)\u00a0a rapidement suivi l&rsquo;acquisition.\u00a0<\/span><\/p>\n<p><span style=\"font-family: helvetica, arial, sans-serif;\">2017, ann\u00e9e charni\u00e8re dans le d\u00e9veloppement du DHG, sera-t-il marqu\u00e9 par un saut qualitatif de\u00a0la gamme? Les prochains embouteillages de Ceros, Flavis, Moisson et Tekton seront-ils fid\u00e8les \u00e0 l&rsquo;esprit du DHG? <\/span><\/p>\n<p><span style=\"font-family: helvetica, arial, sans-serif;\">C&rsquo;est avec\u00a0grand int\u00e9r\u00eat que nous relaterons l&rsquo;\u00e9volution de ce domaine, fer de lance du whisky Fran\u00e7ais, au cours des mois \u00e0 venir. <\/span><\/p>\n<p><span style=\"font-family: helvetica, arial, sans-serif;\"><strong>L&rsquo;aventure du DHG ne fait que commencer \ud83d\ude00<\/strong><\/span><\/p>\n<p><span style=\"font-family: helvetica, arial, sans-serif;\">&#8212;<\/span><\/p>\n<p><span style=\"font-family: helvetica, arial, sans-serif;\">Sources: remy-cointreau.com \/ thedrinksbusiness.com<\/span><\/p>\n","protected":false},"excerpt":{"rendered":"<p>C&rsquo;est officiel,\u00a0le\u00a0Domaine des Hautes Glaces rejoint le giron du Groupe R\u00e9my Cointreau apr\u00e8s l&rsquo;acquisition de 100% de son capital par<\/p>\n","protected":false},"author":2,"featured_media":61,"comment_status":"open","ping_status":"open","sticky":false,"template":"","format":"standard","meta":{"jetpack_post_was_ever_published":false,"footnotes":"","jetpack_publicize_message":"","jetpack_is_tweetstorm":false,"jetpack_publicize_feature_enabled":true,"jetpack_social_post_already_shared":true,"jetpack_social_options":{"image_generator_settings":{"template":"highway","enabled":false}}},"categories":[9,3,4],"tags":[],"class_list":["post-110","post","type-post","status-publish","format-standard","has-post-thumbnail","hentry","category-actualites","category-distillerie","category-domainedeshautesglaces"],"jetpack_publicize_connections":[],"jetpack_featured_media_url":"https:\/\/whisky-francais.com\/wp-content\/uploads\/2017\/02\/Bandeauchais.jpg","jetpack_sharing_enabled":true,"jetpack_shortlink":"https:\/\/wp.me\/p8oZPa-1M","jetpack-related-posts":[{"id":676,"url":"https:\/\/whisky-francais.com\/index.php\/2017\/03\/26\/remy-cointreau-domaine-des-hautes-glaces-retour-sur-lacquisition-2\/","url_meta":{"origin":110,"position":0},"title":"R\u00c9MY COINTREAU \/ DOMAINE DES HAUTES GLACES : RETOUR SUR L\u2019ACQUISITION.","date":"26 mars 2017","format":false,"excerpt":"C'est officiel, Le\u00a0Domaine des Hautes Glaces rejoint le giron du Groupe R\u00e9my Cointreau apr\u00e8s l\u2019acquisition de 100% de son capital par ce dernier. Revenons sur les d\u00e9clarations des principaux acteurs d\u2019une n\u00e9gociation d\u00e9but\u00e9e en\u00a0Octobre 2016 et close en Janvier 2017: Fr\u00e9d\u00e9ric Revol, pr\u00e9sident fondateur du Domaine des Hautes Glaces :\u2026","rel":"","context":"Dans &quot;Actualit\u00e9s&quot;","img":{"alt_text":"France, Vulson Old Rhino Rye, Vulson White Rhino Rye, Tekton, Ceros, Flavis, Les Moissons, Domaine des hautes Glaces, ferme-distillerie,agriculture biologique, Saint Jean d'H\u00e9rans, Alpes, orge, seigle, grand \u00e9peautre, bois de ch\u00eane Fran\u00e7ais, Frederic Revol, J\u00e9r\u00e9my Bricka, whisky Fran\u00e7ais, French Whisky, malt, Matthieu Acar, Xavier Brevet, d\u00e9gustation, whisky, masterclass, Paris, atelier de d\u00e9gustation","src":"https:\/\/i0.wp.com\/whisky-francais.com\/wp-content\/uploads\/2017\/02\/Bandeauchais.jpg?resize=350%2C200&ssl=1","width":350,"height":200},"classes":[]},{"id":7680,"url":"https:\/\/whisky-francais.com\/index.php\/2025\/01\/12\/le-rye-obscure-du-domaine-des-hautes-glaces\/","url_meta":{"origin":110,"position":1},"title":"Le Rye \u00ab\u00a0Obscure\u00a0\u00bb du Domaine des Hautes Glaces","date":"12 janvier 2025","format":false,"excerpt":"R\u00e9solument \u00e9cologiques et attach\u00e9e aux circuits courts, la philosophie du\u00a0domaine des hautes glaces implique l\u2019utilisation de barriques d\u2019origine fran\u00e7aise. Pourtant, Fr\u00e9d\u00e9ric Revol, fondateur du domaine des hautes glaces, est un exp\u00e9rimentateur dans l\u2019\u00e2me, il suffit de regarder le travail accompli par le domaine sur les mati\u00e8res premi\u00e8res pour s\u2019en convaincre\u2026","rel":"","context":"Dans &quot;C\u00e9r\u00e9alier&quot;","img":{"alt_text":"","src":"https:\/\/i0.wp.com\/whisky-francais.com\/wp-content\/uploads\/2025\/01\/obscurus-whisky-francais-domaine-des-hautes-glaces-rye-seigle-barrique-chai-dhg.jpg?resize=350%2C200&ssl=1","width":350,"height":200},"classes":[]},{"id":4933,"url":"https:\/\/whisky-francais.com\/index.php\/2020\/02\/19\/dislay-aux-alpes-francaises-le-terroir-en-question\/","url_meta":{"origin":110,"position":2},"title":"D&rsquo;Islay aux Alpes fran\u00e7aises &#8211; Le terroir en question","date":"19 f\u00e9vrier 2020","format":false,"excerpt":"Le terroir, une notion bien fran\u00e7aise, est souvent au c\u0153ur de la d\u00e9marche des distilleries de l'Hexagone. Comment cette notion s'est-elle export\u00e9e ? Quelle est la valeur ajout\u00e9e de la France sur ce sujet ? Discussion avec Florian Pflieger. Bonjour Florian, peux-tu te pr\u00e9senter ? Bonjour, je travaille pour le\u2026","rel":"","context":"Dans &quot;Actualit\u00e9s&quot;","img":{"alt_text":"","src":"https:\/\/i0.wp.com\/whisky-francais.com\/wp-content\/uploads\/2020\/02\/moisson-domaine-des-hautes-glaces-2.jpg?resize=350%2C200&ssl=1","width":350,"height":200},"classes":[]},{"id":7613,"url":"https:\/\/whisky-francais.com\/index.php\/2024\/12\/02\/whisky-de-montagne\/","url_meta":{"origin":110,"position":3},"title":"Whisky de Montagne","date":"2 d\u00e9cembre 2024","format":false,"excerpt":"\u00ab\u00a0L\u2019ambition est de cr\u00e9er des whiskys qui go\u00fbtent l\u2019\u00e2me d\u2019un territoire sans la consumer, des whiskys qui c\u00e9l\u00e8brent le temps qui passe sans le d\u00e9pecer.\u00a0\u00bb Apr\u00e8s 15 ans \u00e0 arpenter les \u00ab\u00a0chemins de traverse\u00a0\u00bb, Fr\u00e9d\u00e9ric Revol nous d\u00e9voile un peu plus son\u00a0Whisky de Montagne dans un magnifique livre \u00e9dit\u00e9 chez\u2026","rel":"","context":"Dans &quot;Distillerie&quot;","img":{"alt_text":"","src":"https:\/\/i0.wp.com\/whisky-francais.com\/wp-content\/uploads\/2024\/12\/couv.jpg?resize=350%2C200&ssl=1","width":350,"height":200},"classes":[]},{"id":3561,"url":"https:\/\/whisky-francais.com\/index.php\/2018\/05\/14\/pastoral-44-domaine-des-hautes-glaces-eau-de-vie-botanique\/","url_meta":{"origin":110,"position":4},"title":"PASTORAL 44% &#8211; DOMAINE DES HAUTES GLACES &#8211; EAU DE VIE BOTANIQUE","date":"14 mai 2018","format":false,"excerpt":"La cr\u00e9ation de cette eau de vie est n\u00e9e du d\u00e9sir d'\u00e9laborer le tableau olfactif du paysage naturel voisin au Domaine. Une eau de vie de seigle, issue d'une triple distillation \u00e0 feu nu, dans laquelle Fr\u00e9d\u00e9ric R\u00e9vol et son \u00e9quipe ont fait mac\u00e9rer des botaniques (BIO) qui poussent pr\u00e8s\u2026","rel":"","context":"Dans &quot;Distillerie&quot;","img":{"alt_text":"Pastoral, Eau de vie Botanique, Alpes, Domaine des hautes glaces, Cuve Inox, Domaine des hautes Glaces, ferme-distillerie,agriculture biologique, Saint Jean d'H\u00e9rans, Alpes, orge, seigle, grand \u00e9peautre, Frederic Revol, J\u00e9r\u00e9my Bricka, whisky Fran\u00e7ais, French whisky, malt, Matthieu Acar, Xavier Brevet, d\u00e9gustation, whisky, masterclass, Paris, atelier, d\u00e9gustation, whisky","src":"https:\/\/i0.wp.com\/whisky-francais.com\/wp-content\/uploads\/2018\/05\/DSCF9616.jpg?resize=350%2C200&ssl=1","width":350,"height":200},"classes":[]},{"id":1256,"url":"https:\/\/whisky-francais.com\/index.php\/2017\/05\/16\/flavis-single-malt-54-edition-2014-domaine-des-hautes-glaces\/","url_meta":{"origin":110,"position":5},"title":"Flavis Single Malt 54% (\u00c9dition 2014)- Domaine des Hautes Glaces","date":"16 mai 2017","format":false,"excerpt":"Nich\u00e9 au coeur des Alpes, dans le ch\u00e2teau du chimiste Marcus Vulson De La Colombi\u00e8re, le Domaine des Hautes Glaces est une ferme-distillerie pionni\u00e8re dans la production de whisky issu de l\u2019agriculture biologique. Son style (min\u00e9ral et c\u00e9r\u00e9alier) ainsi que la pr\u00e9cision de ses whiskies, en font un porte-\u00e9tendard du\u2026","rel":"","context":"Dans &quot;C\u00e9r\u00e9alier&quot;","img":{"alt_text":"France, Flavis, brut de f\u00fbt, single malt, f\u00fbt de vin jaune, Domaine des hautes Glaces, ferme-distillerie,agriculture biologique, Saint Jean d'H\u00e9rans, Alpes, orge, bois de ch\u00eane Fran\u00e7ais, Frederic Revol, J\u00e9r\u00e9my Bricka, whisky Fran\u00e7ais, French Whisky, malt, Matthieu Acar, Xavier Brevet, d\u00e9gustation, whisky, masterclass, Paris, atelier, d\u00e9gustation, whisky","src":"https:\/\/i0.wp.com\/whisky-francais.com\/wp-content\/uploads\/2017\/05\/Flavis-2.png?resize=350%2C200&ssl=1","width":350,"height":200},"classes":[]}],"_links":{"self":[{"href":"https:\/\/whisky-francais.com\/index.php\/wp-json\/wp\/v2\/posts\/110"}],"collection":[{"href":"https:\/\/whisky-francais.com\/index.php\/wp-json\/wp\/v2\/posts"}],"about":[{"href":"https:\/\/whisky-francais.com\/index.php\/wp-json\/wp\/v2\/types\/post"}],"author":[{"embeddable":true,"href":"https:\/\/whisky-francais.com\/index.php\/wp-json\/wp\/v2\/users\/2"}],"replies":[{"embeddable":true,"href":"https:\/\/whisky-francais.com\/index.php\/wp-json\/wp\/v2\/comments?post=110"}],"version-history":[{"count":4,"href":"https:\/\/whisky-francais.com\/index.php\/wp-json\/wp\/v2\/posts\/110\/revisions"}],"predecessor-version":[{"id":675,"href":"https:\/\/whisky-francais.com\/index.php\/wp-json\/wp\/v2\/posts\/110\/revisions\/675"}],"wp:featuredmedia":[{"embeddable":true,"href":"https:\/\/whisky-francais.com\/index.php\/wp-json\/wp\/v2\/media\/61"}],"wp:attachment":[{"href":"https:\/\/whisky-francais.com\/index.php\/wp-json\/wp\/v2\/media?parent=110"}],"wp:term":[{"taxonomy":"category","embeddable":true,"href":"https:\/\/whisky-francais.com\/index.php\/wp-json\/wp\/v2\/categories?post=110"},{"taxonomy":"post_tag","embeddable":true,"href":"https:\/\/whisky-francais.com\/index.php\/wp-json\/wp\/v2\/tags?post=110"}],"curies":[{"name":"wp","href":"https:\/\/api.w.org\/{rel}","templated":true}]}}