{"id":4177,"date":"2019-02-14T00:12:20","date_gmt":"2019-02-13T23:12:20","guid":{"rendered":"http:\/\/whisky-francais.com\/?p=4177"},"modified":"2019-02-14T00:12:20","modified_gmt":"2019-02-13T23:12:20","slug":"landas-la-naissance-dune-distillerie","status":"publish","type":"post","link":"https:\/\/whisky-francais.com\/index.php\/2019\/02\/14\/landas-la-naissance-dune-distillerie\/","title":{"rendered":"Landa&rsquo;s &#8211; La Naissance d&rsquo;une distillerie"},"content":{"rendered":"<figure id=\"attachment_4140\" aria-describedby=\"caption-attachment-4140\" style=\"width: 1688px\" class=\"wp-caption alignnone\"><img loading=\"lazy\" decoding=\"async\" data-attachment-id=\"4140\" data-permalink=\"https:\/\/whisky-francais.com\/index.php\/distilleries\/landas\/raoul\/\" data-orig-file=\"https:\/\/whisky-francais.com\/wp-content\/uploads\/2019\/02\/RAOUL.jpg\" data-orig-size=\"1688,1280\" data-comments-opened=\"0\" data-image-meta=\"{&quot;aperture&quot;:&quot;0&quot;,&quot;credit&quot;:&quot;&quot;,&quot;camera&quot;:&quot;&quot;,&quot;caption&quot;:&quot;&quot;,&quot;created_timestamp&quot;:&quot;0&quot;,&quot;copyright&quot;:&quot;&quot;,&quot;focal_length&quot;:&quot;0&quot;,&quot;iso&quot;:&quot;0&quot;,&quot;shutter_speed&quot;:&quot;0&quot;,&quot;title&quot;:&quot;&quot;,&quot;orientation&quot;:&quot;0&quot;}\" data-image-title=\"RAOUL\" data-image-description=\"\" data-image-caption=\"\" data-medium-file=\"https:\/\/whisky-francais.com\/wp-content\/uploads\/2019\/02\/RAOUL-300x227.jpg\" data-large-file=\"https:\/\/whisky-francais.com\/wp-content\/uploads\/2019\/02\/RAOUL-1024x776.jpg\" class=\"wp-image-4140 size-full\" src=\"https:\/\/whisky-francais.com\/wp-content\/uploads\/2019\/02\/RAOUL.jpg\" alt=\"\" width=\"1688\" height=\"1280\" srcset=\"https:\/\/whisky-francais.com\/wp-content\/uploads\/2019\/02\/RAOUL.jpg 1688w, https:\/\/whisky-francais.com\/wp-content\/uploads\/2019\/02\/RAOUL-300x227.jpg 300w, https:\/\/whisky-francais.com\/wp-content\/uploads\/2019\/02\/RAOUL-768x582.jpg 768w, https:\/\/whisky-francais.com\/wp-content\/uploads\/2019\/02\/RAOUL-1024x776.jpg 1024w\" sizes=\"(max-width: 1688px) 100vw, 1688px\" \/><figcaption id=\"caption-attachment-4140\" class=\"wp-caption-text\">Raoul Thiers en pleine distillation &#8211; <em>Cr\u00e9dit Photo : distillerie Landa&rsquo;s <\/em><\/figcaption><\/figure>\n<p>Actuellement en pleine construction, la distillerie Landa\u2019s ouvrira ses portes en Mai 2019 avec Mathieu Recoules \u00e0 sa t\u00eate. L\u2019aboutissement de ce projet, initi\u00e9 en 2017, perp\u00e9tue une tradition distillatoire familiale vieille de plus de soixante ans.<\/p>\n<table>\n<tbody>\n<tr>\n<td>Statut<\/td>\n<td>Distillerie en cours de construction<\/td>\n<\/tr>\n<tr>\n<td>Localisation<\/td>\n<td>\ud83d\udceb\u00a04 rue des Artisans, 12430 Lestrade-et-Thouels, France.<\/p>\n<blockquote><p>\u00ab\u00a0Lestrade-et-Thouels est un village dynamique. La mairie, sensible \u00e0 notre d\u00e9marche, a investi dans la construction du b\u00e2timent. Sa mise \u00e0 disposition sous forme de cr\u00e9dit-bail est une chance pour notre distillerie qui peut concentrer davantage de moyens financiers \u00e0 l\u2019achat de mat\u00e9riels en cette p\u00e9riode de lancement.\u00a0\u00bb Mathieu Recoules.<\/p><\/blockquote>\n<\/td>\n<\/tr>\n<tr>\n<td>Dates Cl\u00e9s<\/td>\n<td><strong>Les ann\u00e9es 1950<\/strong>\u00a0: domicili\u00e9 \u00e0 Broqui\u00e8s, <strong>Justin Thiers<\/strong> acquiert un alambic ambulant (datant de 1929) et se sp\u00e9cialise dans la distillation de marc de raisin et de fruits.<\/p>\n<p>Par la suite, <strong>Raoul Thiers<\/strong> reprend l\u2019activit\u00e9 distillatoire et acquiert un second alambic. Il sillonne les villages voisins et distille jusqu\u2019en 2006.<\/p>\n<p><strong>2017<\/strong>\u00a0: <strong>Mathieu Recoules<\/strong> cr\u00e9e la distillerie.<\/p>\n<blockquote><p>\u00ab\u00a0Cuisinier de formation et touche \u00e0 tout, je souhaitais depuis toujours cr\u00e9er mon entreprise. <strong>L\u2019id\u00e9e de fonder une distillerie a m\u00fbri au fil de discussions familiales, agr\u00e9ment\u00e9e de lectures internet<\/strong>. D\u2019abord \u00e9quip\u00e9 d\u2019une cocotte munie d\u2019un serpentin, je multipliais les essais pour me familiariser avec la distillation. L\u2019enthousiasme gagnait mes cousins qui m\u2019encourageaient \u00e0 reprendre l\u2019activit\u00e9. <strong>Celle-ci m\u2019offrait la possibilit\u00e9 d\u2019\u00eatre ma\u00eetre dans ce que je faisais. L\u2019aspect cr\u00e9atif de l\u2019exercice de ce m\u00e9tier finit de me convaincre<\/strong>. \u00bb M. R.<\/p><\/blockquote>\n<\/td>\n<\/tr>\n<tr>\n<td>Personnages Cl\u00e9s<\/td>\n<td><strong>Justin Thiers<\/strong> : grand-p\u00e8re maternel de Mathieu, premier membre de la famille \u00e0 avoir mis un pied dans le monde de la distillation.<\/p>\n<p><strong>Raoul Thiers<\/strong> : oncle de Mathieu, il d\u00e9veloppe l\u2019activit\u00e9 de distillateur ambulant.<\/p>\n<p><strong>Mathieu Recoules<\/strong> : fondateur et maitre-distillateur de Landa\u2019s.<\/td>\n<\/tr>\n<tr>\n<td>Gamme<\/td>\n<td>\ud83e\udd43 <strong>Whisky\u00a0<\/strong><\/p>\n<p>Un <strong>whisky de grain<\/strong> est en cours de confection.<\/p>\n<blockquote><p>\u00ab\u00a0L\u2019envie de cr\u00e9er un whisky de grain est venue de mon go\u00fbt pour les whiskies japonais de ce type. Cette cat\u00e9gorie de whisky, encore peu repr\u00e9sent\u00e9e en France, offre une autre exp\u00e9rience gustative aux amateurs. <strong>Notre whisky de grain sera compos\u00e9 \u00e0 50% d\u2019orge malt\u00e9e. Le ma\u00efs et l\u2019orge non malt\u00e9e en constitueront l\u2019autre moiti\u00e9.<\/strong> L\u2019actuel \u00e9chantillon en vieillissement m\u00fbrit dans le bon sens. Une cuv\u00e9e de 2000 bouteilles devrait \u00eatre propos\u00e9e la premi\u00e8re ann\u00e9e.\u00a0\u00bb M. R.<\/p><\/blockquote>\n<ul>\n<li><strong>Autres spiritueux<\/strong><\/li>\n<\/ul>\n<p>Une vodka \u00e0 base d\u2019eau-de-vie de grain<\/p>\n<p>Un gin \u00e0 base d\u2019eau-de-vie de grain<\/p>\n<p>Un pastis<\/td>\n<\/tr>\n<tr>\n<td>Eau<\/td>\n<td>Eau puis\u00e9e d\u2019une nappe phr\u00e9atique.<\/p>\n<blockquote><p>\u00ab\u00a0Le terrain sur lequel la distillerie est en cours de construction appartenait \u00e0 mon grand-p\u00e8re paternel. Au fond de ce champs se trouve un puits lui m\u00eame situ\u00e9 au dessus d\u2019une nappe phr\u00e9atique. D\u2019une profondeur de 4 m\u00e8tres, il ne s\u2019est jamais tari. Jadis, en p\u00e9riode de s\u00e9cheresse, des habitants d\u2019autres villages venaient m\u00eame y chercher de l&rsquo;eau\u00a0! <strong>Une fois parvenue \u00e0 la distillerie, l\u2019eau sera trait\u00e9e par un filtre \u00e0 osmose inverse.<\/strong> <strong>Cette eau sera utilis\u00e9e pour les op\u00e9rations de r\u00e9duction.\u00a0<\/strong>\u00bb M. R.<\/p><\/blockquote>\n<\/td>\n<\/tr>\n<tr>\n<td>C\u00e9r\u00e9ales et<br \/>\nMaltage<\/td>\n<td><strong>\ud83c\udf3e Orge<\/strong><\/p>\n<p>Production locale en provenance de Brousse-Le-Ch\u00e2teau.<\/p>\n<blockquote><p>\u00ab\u00a0Un copain d\u2019enfance, K\u00e9vin Pag\u00e8s, a sem\u00e9 et r\u00e9colt\u00e9 de l\u2019orge brassicole pour la distillerie.\u00a0\u00bb M. R.<\/p><\/blockquote>\n<p>\ud83c\udf3d <strong>Ma\u00efs<\/strong><\/p>\n<p>Production locale conduite en agriculture raisonn\u00e9e.<\/p>\n<p>Le malt sera en provenance de la <a href=\"https:\/\/www.castlemalting.com\/Default.asp?Language=French\" target=\"_blank\" rel=\"noopener\"><strong>Malterie du Ch\u00e2teau<\/strong><\/a>.<\/p>\n<blockquote><p>\u00ab\u00a0J\u2019aimerais disposer de notre propre malterie dans les prochaines ann\u00e9es.\u00a0\u00bb M. R.<\/p><\/blockquote>\n<\/td>\n<\/tr>\n<tr>\n<td>Alambic et<br \/>\nDistillation<\/td>\n<td><strong>Trois alambics\u00a0<\/strong>:<\/p>\n<ul>\n<li><strong>Un <a href=\"https:\/\/www.alambics-sofac.fr\/\" target=\"_blank\" rel=\"noopener\">alambic Sofac<\/a><\/strong> de 400L d\u2019inspiration \u00e9cossaise. <strong>Utilis\u00e9 pour la double distillation du whisky<\/strong> et la derni\u00e8re distillation du gin.<\/li>\n<\/ul>\n<p>&nbsp;<\/p>\n<ul>\n<li><strong>Un alambic \u00e0 colonne <a href=\"https:\/\/kovodel-janca.czech-trade.fr\/alambics\" target=\"_blank\" rel=\"noopener\">Kovodel<\/a><\/strong> de 150L. Fabriqu\u00e9 en R\u00e9publique Tch\u00e8que, cet alambic fonctinne sur le m\u00eame principe qu\u2019un Holstein. Utilis\u00e9 pour la confection de vodka et de gin.<\/li>\n<\/ul>\n<p>&nbsp;<\/p>\n<ul>\n<li><strong>Un alambic d\u00e9di\u00e9 \u00e0 la fabrication du pastis<\/strong>.<\/li>\n<\/ul>\n<\/td>\n<\/tr>\n<tr>\n<td>Chai<\/td>\n<td><strong>Humide<\/strong><\/p>\n<p>Une cave de 50m2 situ\u00e9e sous la distillerie est en cours de construction.<\/td>\n<\/tr>\n<tr>\n<td>F\u00fbts<\/td>\n<td><strong>F\u00fbts neufs de forte chauffe d\u2019une contenance de 110L<\/strong>.\u00a0Provenance\u00a0: <a href=\"http:\/\/www.tonnellerie-allary.com\/\" target=\"_blank\" rel=\"noopener\">tonnellerie Allary<\/a>.<\/td>\n<\/tr>\n<tr>\n<td>Site Web<\/td>\n<td><a href=\"https:\/\/www.landas.store\/\" target=\"_blank\" rel=\"noopener\">\u00a0https:\/\/www.landas.store\/<\/a><\/td>\n<\/tr>\n<\/tbody>\n<\/table>\n<figure id=\"attachment_4143\" aria-describedby=\"caption-attachment-4143\" style=\"width: 1153px\" class=\"wp-caption alignnone\"><img loading=\"lazy\" decoding=\"async\" data-attachment-id=\"4143\" data-permalink=\"https:\/\/whisky-francais.com\/index.php\/distilleries\/landas\/distillerie-2\/\" data-orig-file=\"https:\/\/whisky-francais.com\/wp-content\/uploads\/2019\/02\/DISTiLLERIE-1.jpg\" data-orig-size=\"1153,2048\" data-comments-opened=\"0\" data-image-meta=\"{&quot;aperture&quot;:&quot;0&quot;,&quot;credit&quot;:&quot;&quot;,&quot;camera&quot;:&quot;&quot;,&quot;caption&quot;:&quot;&quot;,&quot;created_timestamp&quot;:&quot;0&quot;,&quot;copyright&quot;:&quot;&quot;,&quot;focal_length&quot;:&quot;0&quot;,&quot;iso&quot;:&quot;0&quot;,&quot;shutter_speed&quot;:&quot;0&quot;,&quot;title&quot;:&quot;&quot;,&quot;orientation&quot;:&quot;0&quot;}\" data-image-title=\"Landa&amp;rsquo;s, Mathieu Recoules, Lestrade-et-Thouels, Justin Thiers, Raoul Thiers, whisky de grain, orge malt\u00e9e, ma\u00efs, gin, vodka, pastis, alambic Sofac, Kovodel, whisky fran\u00e7ais, french whisky, whisky France, distillerie, Matthieu Acar, Xavier Brevet, Lilya Sekkal, d\u00e9gustation, whisky, masterclass, Paris, atelier, d\u00e9gustation\" data-image-description=\"&lt;p&gt;Landa&amp;rsquo;s, Mathieu Recoules, Lestrade-et-Thouels, Justin Thiers, Raoul Thiers, whisky de grain, orge malt\u00e9e, ma\u00efs, gin, vodka, pastis, alambic Sofac, Kovodel, whisky fran\u00e7ais, french whisky, whisky France, distillerie, Matthieu Acar, Xavier Brevet, Lilya Sekkal, d\u00e9gustation, whisky, masterclass, Paris, atelier, d\u00e9gustation&lt;\/p&gt;\n\" data-image-caption=\"&lt;p&gt;Landa&amp;rsquo;s, Mathieu Recoules, Lestrade-et-Thouels, Justin Thiers, Raoul Thiers, whisky de grain, orge malt\u00e9e, ma\u00efs, gin, vodka, pastis, alambic Sofac, Kovodel, whisky fran\u00e7ais, french whisky, whisky France, distillerie, Matthieu Acar, Xavier Brevet, Lilya Sekkal, d\u00e9gustation, whisky, masterclass, Paris, atelier, d\u00e9gustation&lt;\/p&gt;\n\" data-medium-file=\"https:\/\/whisky-francais.com\/wp-content\/uploads\/2019\/02\/DISTiLLERIE-1-169x300.jpg\" data-large-file=\"https:\/\/whisky-francais.com\/wp-content\/uploads\/2019\/02\/DISTiLLERIE-1-577x1024.jpg\" class=\"wp-image-4143 size-full\" src=\"https:\/\/whisky-francais.com\/wp-content\/uploads\/2019\/02\/DISTiLLERIE-1.jpg\" alt=\"\" width=\"1153\" height=\"2048\" srcset=\"https:\/\/whisky-francais.com\/wp-content\/uploads\/2019\/02\/DISTiLLERIE-1.jpg 1153w, https:\/\/whisky-francais.com\/wp-content\/uploads\/2019\/02\/DISTiLLERIE-1-169x300.jpg 169w, https:\/\/whisky-francais.com\/wp-content\/uploads\/2019\/02\/DISTiLLERIE-1-768x1364.jpg 768w, https:\/\/whisky-francais.com\/wp-content\/uploads\/2019\/02\/DISTiLLERIE-1-577x1024.jpg 577w\" sizes=\"(max-width: 1153px) 100vw, 1153px\" \/><figcaption id=\"caption-attachment-4143\" class=\"wp-caption-text\">La future distillerie en construction &#8211; <em>Cr\u00e9dit Photo : distillerie Landa&rsquo;s<\/em><\/figcaption><\/figure>\n<figure id=\"attachment_4145\" aria-describedby=\"caption-attachment-4145\" style=\"width: 2048px\" class=\"wp-caption alignnone\"><img loading=\"lazy\" decoding=\"async\" data-attachment-id=\"4145\" data-permalink=\"https:\/\/whisky-francais.com\/index.php\/distilleries\/landas\/orge\/\" data-orig-file=\"https:\/\/whisky-francais.com\/wp-content\/uploads\/2019\/02\/ORGE.jpg\" data-orig-size=\"2048,1536\" data-comments-opened=\"0\" data-image-meta=\"{&quot;aperture&quot;:&quot;0&quot;,&quot;credit&quot;:&quot;&quot;,&quot;camera&quot;:&quot;&quot;,&quot;caption&quot;:&quot;&quot;,&quot;created_timestamp&quot;:&quot;0&quot;,&quot;copyright&quot;:&quot;&quot;,&quot;focal_length&quot;:&quot;0&quot;,&quot;iso&quot;:&quot;0&quot;,&quot;shutter_speed&quot;:&quot;0&quot;,&quot;title&quot;:&quot;&quot;,&quot;orientation&quot;:&quot;0&quot;}\" data-image-title=\"Landa&amp;rsquo;s, Mathieu Recoules, Lestrade-et-Thouels, Justin Thiers, Raoul Thiers, whisky de grain, orge malt\u00e9e, ma\u00efs, gin, vodka, pastis, alambic Sofac, Kovodel, whisky fran\u00e7ais, french whisky, whisky France, distillerie, Matthieu Acar, Xavier Brevet, Lilya Sekkal, d\u00e9gustation, whisky, masterclass, Paris, atelier, d\u00e9gustation\" data-image-description=\"&lt;p&gt;Landa&amp;rsquo;s, Mathieu Recoules, Lestrade-et-Thouels, Justin Thiers, Raoul Thiers, whisky de grain, orge malt\u00e9e, ma\u00efs, gin, vodka, pastis, alambic Sofac, Kovodel, whisky fran\u00e7ais, french whisky, whisky France, distillerie, Matthieu Acar, Xavier Brevet, Lilya Sekkal, d\u00e9gustation, whisky, masterclass, Paris, atelier, d\u00e9gustation&lt;\/p&gt;\n\" data-image-caption=\"&lt;p&gt;Landa&amp;rsquo;s, Mathieu Recoules, Lestrade-et-Thouels, Justin Thiers, Raoul Thiers, whisky de grain, orge malt\u00e9e, ma\u00efs, gin, vodka, pastis, alambic Sofac, Kovodel, whisky fran\u00e7ais, french whisky, whisky France, distillerie, Matthieu Acar, Xavier Brevet, Lilya Sekkal, d\u00e9gustation, whisky, masterclass, Paris, atelier, d\u00e9gustation&lt;\/p&gt;\n\" data-medium-file=\"https:\/\/whisky-francais.com\/wp-content\/uploads\/2019\/02\/ORGE-300x225.jpg\" data-large-file=\"https:\/\/whisky-francais.com\/wp-content\/uploads\/2019\/02\/ORGE-1024x768.jpg\" class=\"wp-image-4145 size-full\" src=\"https:\/\/whisky-francais.com\/wp-content\/uploads\/2019\/02\/ORGE.jpg\" alt=\"\" width=\"2048\" height=\"1536\" srcset=\"https:\/\/whisky-francais.com\/wp-content\/uploads\/2019\/02\/ORGE.jpg 2048w, https:\/\/whisky-francais.com\/wp-content\/uploads\/2019\/02\/ORGE-300x225.jpg 300w, https:\/\/whisky-francais.com\/wp-content\/uploads\/2019\/02\/ORGE-768x576.jpg 768w, https:\/\/whisky-francais.com\/wp-content\/uploads\/2019\/02\/ORGE-1024x768.jpg 1024w\" sizes=\"(max-width: 2048px) 100vw, 2048px\" \/><figcaption id=\"caption-attachment-4145\" class=\"wp-caption-text\">Champs d&rsquo;orge sur le versant de Brousse-Le-Ch\u00e2teau &#8211;<em> Cr\u00e9dit Photo : distillerie Landa&rsquo;s<\/em><\/figcaption><\/figure>\n<figure id=\"attachment_4144\" aria-describedby=\"caption-attachment-4144\" style=\"width: 4317px\" class=\"wp-caption alignnone\"><img loading=\"lazy\" decoding=\"async\" data-attachment-id=\"4144\" data-permalink=\"https:\/\/whisky-francais.com\/index.php\/distilleries\/landas\/mais\/\" data-orig-file=\"https:\/\/whisky-francais.com\/wp-content\/uploads\/2019\/02\/MAIS.jpg\" data-orig-size=\"4317,971\" data-comments-opened=\"0\" data-image-meta=\"{&quot;aperture&quot;:&quot;0&quot;,&quot;credit&quot;:&quot;&quot;,&quot;camera&quot;:&quot;&quot;,&quot;caption&quot;:&quot;&quot;,&quot;created_timestamp&quot;:&quot;0&quot;,&quot;copyright&quot;:&quot;&quot;,&quot;focal_length&quot;:&quot;0&quot;,&quot;iso&quot;:&quot;0&quot;,&quot;shutter_speed&quot;:&quot;0&quot;,&quot;title&quot;:&quot;&quot;,&quot;orientation&quot;:&quot;0&quot;}\" data-image-title=\"Landa&amp;rsquo;s, Mathieu Recoules, Lestrade-et-Thouels, Justin Thiers, Raoul Thiers, whisky de grain, orge malt\u00e9e, ma\u00efs, gin, vodka, pastis, alambic Sofac, Kovodel, whisky fran\u00e7ais, french whisky, whisky France, distillerie, Matthieu Acar, Xavier Brevet, Lilya Sekkal, d\u00e9gustation, whisky, masterclass, Paris, atelier, d\u00e9gustation\" data-image-description=\"&lt;p&gt;Landa&amp;rsquo;s, Mathieu Recoules, Lestrade-et-Thouels, Justin Thiers, Raoul Thiers, whisky de grain, orge malt\u00e9e, ma\u00efs, gin, vodka, pastis, alambic Sofac, Kovodel, whisky fran\u00e7ais, french whisky, whisky France, distillerie, Matthieu Acar, Xavier Brevet, Lilya Sekkal, d\u00e9gustation, whisky, masterclass, Paris, atelier, d\u00e9gustation&lt;\/p&gt;\n\" data-image-caption=\"&lt;p&gt;Landa&amp;rsquo;s, Mathieu Recoules, Lestrade-et-Thouels, Justin Thiers, Raoul Thiers, whisky de grain, orge malt\u00e9e, ma\u00efs, gin, vodka, pastis, alambic Sofac, Kovodel, whisky fran\u00e7ais, french whisky, whisky France, distillerie, Matthieu Acar, Xavier Brevet, Lilya Sekkal, d\u00e9gustation, whisky, masterclass, Paris, atelier, d\u00e9gustation&lt;\/p&gt;\n\" data-medium-file=\"https:\/\/whisky-francais.com\/wp-content\/uploads\/2019\/02\/MAIS-300x67.jpg\" data-large-file=\"https:\/\/whisky-francais.com\/wp-content\/uploads\/2019\/02\/MAIS-1024x230.jpg\" class=\"wp-image-4144 size-full\" src=\"https:\/\/whisky-francais.com\/wp-content\/uploads\/2019\/02\/MAIS.jpg\" alt=\"\" width=\"4317\" height=\"971\" srcset=\"https:\/\/whisky-francais.com\/wp-content\/uploads\/2019\/02\/MAIS.jpg 4317w, https:\/\/whisky-francais.com\/wp-content\/uploads\/2019\/02\/MAIS-300x67.jpg 300w, https:\/\/whisky-francais.com\/wp-content\/uploads\/2019\/02\/MAIS-768x173.jpg 768w, https:\/\/whisky-francais.com\/wp-content\/uploads\/2019\/02\/MAIS-1024x230.jpg 1024w\" sizes=\"(max-width: 4317px) 100vw, 4317px\" \/><figcaption id=\"caption-attachment-4144\" class=\"wp-caption-text\">Parcelle de ma\u00efs\u00a0&#8211; <em>Cr\u00e9dit Photo : distillerie Landa&rsquo;s<\/em><\/figcaption><\/figure>\n<figure id=\"attachment_4142\" aria-describedby=\"caption-attachment-4142\" style=\"width: 2048px\" class=\"wp-caption alignnone\"><img loading=\"lazy\" decoding=\"async\" data-attachment-id=\"4142\" data-permalink=\"https:\/\/whisky-francais.com\/index.php\/distilleries\/landas\/alambic-1929\/\" data-orig-file=\"https:\/\/whisky-francais.com\/wp-content\/uploads\/2019\/02\/ALAMBIC-1929.jpg\" data-orig-size=\"2048,2048\" data-comments-opened=\"0\" data-image-meta=\"{&quot;aperture&quot;:&quot;0&quot;,&quot;credit&quot;:&quot;&quot;,&quot;camera&quot;:&quot;&quot;,&quot;caption&quot;:&quot;&quot;,&quot;created_timestamp&quot;:&quot;0&quot;,&quot;copyright&quot;:&quot;&quot;,&quot;focal_length&quot;:&quot;0&quot;,&quot;iso&quot;:&quot;0&quot;,&quot;shutter_speed&quot;:&quot;0&quot;,&quot;title&quot;:&quot;&quot;,&quot;orientation&quot;:&quot;0&quot;}\" data-image-title=\"Landa&amp;rsquo;s, Mathieu Recoules, Lestrade-et-Thouels, Justin Thiers, Raoul Thiers, whisky de grain, orge malt\u00e9e, ma\u00efs, gin, vodka, pastis, alambic Sofac, Kovodel, whisky fran\u00e7ais, french whisky, whisky France, distillerie, Matthieu Acar, Xavier Brevet, Lilya Sekkal, d\u00e9gustation, whisky, masterclass, Paris, atelier, d\u00e9gustation\" data-image-description=\"&lt;p&gt;Landa&amp;rsquo;s, Mathieu Recoules, Lestrade-et-Thouels, Justin Thiers, Raoul Thiers, whisky de grain, orge malt\u00e9e, ma\u00efs, gin, vodka, pastis, alambic Sofac, Kovodel, whisky fran\u00e7ais, french whisky, whisky France, distillerie, Matthieu Acar, Xavier Brevet, Lilya Sekkal, d\u00e9gustation, whisky, masterclass, Paris, atelier, d\u00e9gustation&lt;\/p&gt;\n\" data-image-caption=\"&lt;p&gt;Landa&amp;rsquo;s, Mathieu Recoules, Lestrade-et-Thouels, Justin Thiers, Raoul Thiers, whisky de grain, orge malt\u00e9e, ma\u00efs, gin, vodka, pastis, alambic Sofac, Kovodel, whisky fran\u00e7ais, french whisky, whisky France, distillerie, Matthieu Acar, Xavier Brevet, Lilya Sekkal, d\u00e9gustation, whisky, masterclass, Paris, atelier, d\u00e9gustation&lt;\/p&gt;\n\" data-medium-file=\"https:\/\/whisky-francais.com\/wp-content\/uploads\/2019\/02\/ALAMBIC-1929-300x300.jpg\" data-large-file=\"https:\/\/whisky-francais.com\/wp-content\/uploads\/2019\/02\/ALAMBIC-1929-1024x1024.jpg\" class=\"wp-image-4142 size-full\" src=\"https:\/\/whisky-francais.com\/wp-content\/uploads\/2019\/02\/ALAMBIC-1929.jpg\" alt=\"\" width=\"2048\" height=\"2048\" srcset=\"https:\/\/whisky-francais.com\/wp-content\/uploads\/2019\/02\/ALAMBIC-1929.jpg 2048w, https:\/\/whisky-francais.com\/wp-content\/uploads\/2019\/02\/ALAMBIC-1929-150x150.jpg 150w, https:\/\/whisky-francais.com\/wp-content\/uploads\/2019\/02\/ALAMBIC-1929-300x300.jpg 300w, https:\/\/whisky-francais.com\/wp-content\/uploads\/2019\/02\/ALAMBIC-1929-768x768.jpg 768w, https:\/\/whisky-francais.com\/wp-content\/uploads\/2019\/02\/ALAMBIC-1929-1024x1024.jpg 1024w, https:\/\/whisky-francais.com\/wp-content\/uploads\/2019\/02\/ALAMBIC-1929-32x32.jpg 32w, https:\/\/whisky-francais.com\/wp-content\/uploads\/2019\/02\/ALAMBIC-1929-50x50.jpg 50w, https:\/\/whisky-francais.com\/wp-content\/uploads\/2019\/02\/ALAMBIC-1929-64x64.jpg 64w, https:\/\/whisky-francais.com\/wp-content\/uploads\/2019\/02\/ALAMBIC-1929-96x96.jpg 96w, https:\/\/whisky-francais.com\/wp-content\/uploads\/2019\/02\/ALAMBIC-1929-128x128.jpg 128w\" sizes=\"(max-width: 2048px) 100vw, 2048px\" \/><figcaption id=\"caption-attachment-4142\" class=\"wp-caption-text\">L&rsquo;alambic de 1929 &#8211; <em>Cr\u00e9dit Photo : distillerie Landa&rsquo;s<\/em><\/figcaption><\/figure>\n","protected":false},"excerpt":{"rendered":"<p>Actuellement en pleine construction, la distillerie Landa\u2019s ouvrira ses portes en Mai 2019 avec Mathieu Recoules \u00e0 sa t\u00eate. L\u2019aboutissement<\/p>\n","protected":false},"author":2,"featured_media":4141,"comment_status":"closed","ping_status":"closed","sticky":false,"template":"","format":"standard","meta":{"jetpack_post_was_ever_published":false,"footnotes":"","jetpack_publicize_message":"","jetpack_is_tweetstorm":false,"jetpack_publicize_feature_enabled":true,"jetpack_social_post_already_shared":true,"jetpack_social_options":{"image_generator_settings":{"template":"highway","enabled":false}}},"categories":[3,34,51],"tags":[],"class_list":["post-4177","post","type-post","status-publish","format-standard","has-post-thumbnail","hentry","category-distillerie","category-focus","category-visite"],"jetpack_publicize_connections":[],"jetpack_featured_media_url":"https:\/\/whisky-francais.com\/wp-content\/uploads\/2019\/02\/DISTiLLERIE.jpg","jetpack_sharing_enabled":true,"jetpack_shortlink":"https:\/\/wp.me\/p8oZPa-15n","jetpack-related-posts":[{"id":4258,"url":"https:\/\/whisky-francais.com\/index.php\/2019\/03\/04\/nouvelle-nano-distillerie-en-cotes-darmor-kentan\/","url_meta":{"origin":4177,"position":0},"title":"Nouvelle NANO-distillerie en C\u00f4tes-d&rsquo;Armor : Kenta\u00f1 !","date":"4 mars 2019","format":false,"excerpt":"Nich\u00e9e en Bretagne Nord \u00e0 quelques encablures de la Manche, la \u00ab\u00a0nano-distillerie\u00a0\u00bb Kenta\u00f1 s\u2019est lanc\u00e9e dans la production de whisky en 2018. R\u00e9solument orient\u00e9e bio et local, ses deux fondateurs m\u00e8nent ce travail d\u2019artisan en parall\u00e8le de leurs emplois respectifs. Rendez-vous en 2021 pour la premi\u00e8re d\u00e9gustation\u00a0? Statut Whisky en\u2026","rel":"","context":"Dans &quot;Distillerie&quot;","img":{"alt_text":"Kenta\u00f1, Kentan, distillerie, Tonqu\u00e9dec, C\u00f4tes d'Armor, France, Samuel Prades, Nicolas D\u00e9laizir, Yec'Hed Malt, alambic charentais, Pinot des Charentes, Coteaux du Layon, Cidre, Whisky Fran\u00e7ais, French Whisky, Matthieu Acar, Xavier Brevet, d\u00e9gustation, whisky, masterclass, Paris, atelier, d\u00e9gustation","src":"https:\/\/i0.wp.com\/whisky-francais.com\/wp-content\/uploads\/2019\/02\/DSC_0729-Redim-min.jpeg?resize=350%2C200&ssl=1","width":350,"height":200},"classes":[]},{"id":3886,"url":"https:\/\/whisky-francais.com\/index.php\/2018\/11\/27\/distillerie-de-fontagard-decouverte-et-entretien\/","url_meta":{"origin":4177,"position":1},"title":"Distillerie de Fontagard : D\u00e9couverte et Entretien","date":"27 novembre 2018","format":false,"excerpt":"La distillerie de Fontagard est l\u2019\u0153uvre de 4 ge\u0301ne\u0301rations de bouilleurs de profession. Son travail, re\u0301solument axe\u0301 sur la mise en avant de son terroir, s\u2019appuie e\u0301galement sur sa volonte\u0301 de contribuer au de\u0301veloppement local via son engagement dans la valorisation de l\u2019e\u0301nergie et la pre\u0301servation de l\u2019environnement : \u00ab\u2026","rel":"","context":"Dans &quot;Distillerie&quot;","img":{"alt_text":"Distillerie de Fontagard, France, Neuillac, Granch\u00e8re, Adrien Granch\u00e8re, alambic, charentais, chai, cognac, whisky Fran\u00e7ais, d\u00e9gustation , Paris, Matthieu Acar, Lilya Sekkal, Xavier Brevet, Matthieu Acar","src":"https:\/\/i0.wp.com\/whisky-francais.com\/wp-content\/uploads\/2018\/11\/P1010548-min.jpg?resize=350%2C200&ssl=1","width":350,"height":200},"classes":[]},{"id":1064,"url":"https:\/\/whisky-francais.com\/index.php\/2017\/04\/29\/ballade-a-la-distillerie-northmaen\/","url_meta":{"origin":4177,"position":2},"title":"Balade \u00e0 la distillerie Northmaen","date":"29 avril 2017","format":false,"excerpt":"Seule et unique distillerie \u00e0 produire du en Normandie, la ferme-brasserie\/distillerie de la chapelle, alias Northmaen, nous ouvre ses portes pour une visite de ses installations, r\u00e9cit\u00a0: Apr\u00e8s quelques kilom\u00e8tres de route, entre pluie et soleil, nous sommes arriv\u00e9s dans une ferme typiquement normande. L\u00e9o, le patron de la distillerie,\u2026","rel":"","context":"Dans &quot;Distillerie&quot;","img":{"alt_text":"France, Whisky Fran\u00e7ais, French Whisky, Northmaen, Single Malt, Single Barrel, Normandie, La Chapelle-Saint-Ouen, Thor Boyo, Fafnir, Sleipnir, brut de f\u00fbt, exploitation agricole, malt, Matthieu Acar, Xavier Brevet, d\u00e9gustation, whisky, masterclass, Paris, atelier, d\u00e9gustation, whisky","src":"https:\/\/i0.wp.com\/whisky-francais.com\/wp-content\/uploads\/2017\/04\/Ferme-Northmaen.jpg?resize=350%2C200&ssl=1","width":350,"height":200},"classes":[]},{"id":3906,"url":"https:\/\/whisky-francais.com\/index.php\/2018\/12\/14\/distillerie-du-mont-blanc-presentation-entretien-avec-sylvain-chiron\/","url_meta":{"origin":4177,"position":3},"title":"Distillerie du Mont Blanc : Pr\u00e9sentation &#038; Entretien avec Sylvain Chiron","date":"14 d\u00e9cembre 2018","format":false,"excerpt":"C\u2019est au c\u0153ur des Alpes, aux abords de Chamonix, que la distillerie du Mont Blanc prendra bient\u00f4t place. Nich\u00e9e en haute altitude, ce \u00ab\u00a0ph\u00e9nix\u00a0\u00bb alpin est le fleuron brassicole d\u2019une r\u00e9gion o\u00f9 fleurissait autrefois cette industrie. Reprise en 1999 par Sylvain Chiron et reconnue mondialement pour la qualit\u00e9 de ses\u2026","rel":"","context":"Dans &quot;Distillerie&quot;","img":{"alt_text":"Distillerie du Mont Blanc, Sylvain Chiron, La Motte-Servolex, Les Houches, Enchapleuze, Orge, Stupfler, Dolin, whisky Fran\u00e7ais, French whisky, France, Lilya Sekkal, Matthieu Acar, Xavier Brevet, d\u00e9gustation, masterclass, atelier","src":"https:\/\/i0.wp.com\/whisky-francais.com\/wp-content\/uploads\/2018\/12\/LOGO-DISTILLERIE-DU-MONT-BLANC-DIEU-au-trait-NEW.png?resize=350%2C200&ssl=1","width":350,"height":200},"classes":[]},{"id":4319,"url":"https:\/\/whisky-francais.com\/index.php\/2019\/03\/25\/la-provence-se-met-au-whisky-plein-feu-sur-la-distillerie-la-durance\/","url_meta":{"origin":4177,"position":4},"title":"La Provence se met au whisky ! Plein feu sur la distillerie La Durance.","date":"25 mars 2019","format":false,"excerpt":"Le duo de choc Robin Entreinger \/ Valentin Bonhomme est de retour sur le devant de la sc\u00e8ne. Apr\u00e8s avoir produit et jou\u00e9 dans Le Tour de France des Whiskies, les deux hommes cr\u00e9ent la distillerie La Durance en 2017. Si tous les chemins m\u00e8nent \u00e0 Rome, ceux du cin\u00e9ma\u2026","rel":"","context":"Dans &quot;Distillerie&quot;","img":{"alt_text":"La Durance, whisky proven\u00e7al, Robin Entreinger, Valentin Bonhomme, Fournieux, Montfort, orge, vin, tennessee whiskey, Le Tour de France des Whiskies, Le Monde du Whisky - 1 - Islay, Robin Entreinger, le tour de france des whiskies, whisky made in France, le monde du whisky - 1 - islay, Whisky Fran\u00e7ais, French Whisky, Xavier Brevet, Matthieu Acar, Lilya Sekkal, d\u00e9gustation, whisky, masterclass, Paris, atelier, d\u00e9gustation","src":"https:\/\/i0.wp.com\/whisky-francais.com\/wp-content\/uploads\/2019\/03\/53415088_2494138743947839_4096177320274952192_n.jpg?resize=350%2C200&ssl=1","width":350,"height":200},"classes":[]},{"id":3196,"url":"https:\/\/whisky-francais.com\/index.php\/2018\/01\/02\/straw-bale-naissance-dune-distillerie-bio\/","url_meta":{"origin":4177,"position":5},"title":"Straw bale, naissance d&rsquo;une distillerie bio.","date":"2 janvier 2018","format":false,"excerpt":"C'est dans les c\u00f4teaux du Frontonnais, au-dessus de Toulouse qu'un nouveau projet de whisky fran\u00e7ais a r\u00e9cemment vu le jour. Men\u00e9 par Gilles Victors, ancien coutelier d'art et passionn\u00e9 de whisky, la distillerie Straw Bale s'est construite autour de trois id\u00e9es majeures : Avoir une approche locale et Eco-responsable. Faire\u2026","rel":"","context":"Dans &quot;Actualit\u00e9s&quot;","img":{"alt_text":"Frontonnais, Giles Victors, Straw Bale, French Guy, Pink Pastaga, Knifemaker, Matthieu Acar, Xavier Brevet, Lilya Sekkal, d\u00e9gustation, whisky, acad\u00e9mie, masterclass, Paris, atelier, d\u00e9gustation, whisky","src":"https:\/\/i0.wp.com\/whisky-francais.com\/wp-content\/uploads\/2017\/12\/24297322_1499437123467429_6303668881027037674_o.jpg?resize=350%2C200&ssl=1","width":350,"height":200},"classes":[]}],"_links":{"self":[{"href":"https:\/\/whisky-francais.com\/index.php\/wp-json\/wp\/v2\/posts\/4177"}],"collection":[{"href":"https:\/\/whisky-francais.com\/index.php\/wp-json\/wp\/v2\/posts"}],"about":[{"href":"https:\/\/whisky-francais.com\/index.php\/wp-json\/wp\/v2\/types\/post"}],"author":[{"embeddable":true,"href":"https:\/\/whisky-francais.com\/index.php\/wp-json\/wp\/v2\/users\/2"}],"replies":[{"embeddable":true,"href":"https:\/\/whisky-francais.com\/index.php\/wp-json\/wp\/v2\/comments?post=4177"}],"version-history":[{"count":1,"href":"https:\/\/whisky-francais.com\/index.php\/wp-json\/wp\/v2\/posts\/4177\/revisions"}],"predecessor-version":[{"id":4178,"href":"https:\/\/whisky-francais.com\/index.php\/wp-json\/wp\/v2\/posts\/4177\/revisions\/4178"}],"wp:featuredmedia":[{"embeddable":true,"href":"https:\/\/whisky-francais.com\/index.php\/wp-json\/wp\/v2\/media\/4141"}],"wp:attachment":[{"href":"https:\/\/whisky-francais.com\/index.php\/wp-json\/wp\/v2\/media?parent=4177"}],"wp:term":[{"taxonomy":"category","embeddable":true,"href":"https:\/\/whisky-francais.com\/index.php\/wp-json\/wp\/v2\/categories?post=4177"},{"taxonomy":"post_tag","embeddable":true,"href":"https:\/\/whisky-francais.com\/index.php\/wp-json\/wp\/v2\/tags?post=4177"}],"curies":[{"name":"wp","href":"https:\/\/api.w.org\/{rel}","templated":true}]}}