{"id":5500,"date":"2020-09-27T17:49:08","date_gmt":"2020-09-27T15:49:08","guid":{"rendered":"http:\/\/whisky-francais.com\/?p=5500"},"modified":"2020-09-29T12:40:36","modified_gmt":"2020-09-29T10:40:36","slug":"yeun-elez-la-tourbe-par-warenghem","status":"publish","type":"post","link":"https:\/\/whisky-francais.com\/index.php\/2020\/09\/27\/yeun-elez-la-tourbe-par-warenghem\/","title":{"rendered":"Yeun Elez &#8211; La tourbe par Warenghem"},"content":{"rendered":"\n<p><em>\u00ab Nous entrons dans le Yeun Elez, dit-il \u00e0 Jobic. Quoi que tu entendes, ne d\u00e9tourne pas la <\/em><em>t\u00eate. Il y va de ta vie en ce monde et de ton salut dans l\u2019autre.\u00bb<\/em><\/p>\n<p style=\"text-align: right;\">A. Le Braz, La L\u00e9gende de la mort en Basse-Bretagne, 1893.<\/p>\n<p><img loading=\"lazy\" decoding=\"async\" data-attachment-id=\"5502\" data-permalink=\"https:\/\/whisky-francais.com\/index.php\/2020\/09\/27\/yeun-elez-la-tourbe-par-warenghem\/slide-image-2\/\" data-orig-file=\"https:\/\/whisky-francais.com\/wp-content\/uploads\/2020\/09\/slide-image-2.jpg\" data-orig-size=\"1200,300\" data-comments-opened=\"0\" data-image-meta=\"{&quot;aperture&quot;:&quot;0&quot;,&quot;credit&quot;:&quot;&quot;,&quot;camera&quot;:&quot;&quot;,&quot;caption&quot;:&quot;&quot;,&quot;created_timestamp&quot;:&quot;0&quot;,&quot;copyright&quot;:&quot;&quot;,&quot;focal_length&quot;:&quot;0&quot;,&quot;iso&quot;:&quot;0&quot;,&quot;shutter_speed&quot;:&quot;0&quot;,&quot;title&quot;:&quot;&quot;,&quot;orientation&quot;:&quot;0&quot;}\" data-image-title=\"slide-image-2\" data-image-description=\"\" data-image-caption=\"\" data-medium-file=\"https:\/\/whisky-francais.com\/wp-content\/uploads\/2020\/09\/slide-image-2-300x75.jpg\" data-large-file=\"https:\/\/whisky-francais.com\/wp-content\/uploads\/2020\/09\/slide-image-2-1024x256.jpg\" class=\"alignnone size-full wp-image-5502\" src=\"https:\/\/whisky-francais.com\/wp-content\/uploads\/2020\/09\/slide-image-2.jpg\" alt=\"\" width=\"1200\" height=\"300\" srcset=\"https:\/\/whisky-francais.com\/wp-content\/uploads\/2020\/09\/slide-image-2.jpg 1200w, https:\/\/whisky-francais.com\/wp-content\/uploads\/2020\/09\/slide-image-2-300x75.jpg 300w, https:\/\/whisky-francais.com\/wp-content\/uploads\/2020\/09\/slide-image-2-1024x256.jpg 1024w, https:\/\/whisky-francais.com\/wp-content\/uploads\/2020\/09\/slide-image-2-768x192.jpg 768w\" sizes=\"(max-width: 1200px) 100vw, 1200px\" \/><\/p>\n<p>C&rsquo;est au c\u0153ur du parc naturel d\u2019Armorique que s&rsquo;\u00e9tend le &lsquo;Yeun Elez&rsquo;, un vaste espace mar\u00e9cageux que la l\u00e9gende bretonne dit constituer les \u00ab\u00a0Portes de l&rsquo;enfer\u00a0\u00bb.<\/p>\n<p><img loading=\"lazy\" decoding=\"async\" data-attachment-id=\"5513\" data-permalink=\"https:\/\/whisky-francais.com\/index.php\/2020\/09\/27\/yeun-elez-la-tourbe-par-warenghem\/c_cm8792\/\" data-orig-file=\"https:\/\/whisky-francais.com\/wp-content\/uploads\/2020\/09\/C_CM8792.jpg\" data-orig-size=\"384,384\" data-comments-opened=\"0\" data-image-meta=\"{&quot;aperture&quot;:&quot;2&quot;,&quot;credit&quot;:&quot;Christophe Meireis&quot;,&quot;camera&quot;:&quot;Canon EOS 5D Mark III&quot;,&quot;caption&quot;:&quot;&quot;,&quot;created_timestamp&quot;:&quot;1467815066&quot;,&quot;copyright&quot;:&quot;www.christophemeireis.com&quot;,&quot;focal_length&quot;:&quot;50&quot;,&quot;iso&quot;:&quot;400&quot;,&quot;shutter_speed&quot;:&quot;0.008&quot;,&quot;title&quot;:&quot;&quot;,&quot;orientation&quot;:&quot;1&quot;}\" data-image-title=\"C_CM8792\" data-image-description=\"\" data-image-caption=\"\" data-medium-file=\"https:\/\/whisky-francais.com\/wp-content\/uploads\/2020\/09\/C_CM8792-300x300.jpg\" data-large-file=\"https:\/\/whisky-francais.com\/wp-content\/uploads\/2020\/09\/C_CM8792.jpg\" class=\" wp-image-5513 alignleft\" src=\"https:\/\/whisky-francais.com\/wp-content\/uploads\/2020\/09\/C_CM8792.jpg\" alt=\"\" width=\"227\" height=\"227\" srcset=\"https:\/\/whisky-francais.com\/wp-content\/uploads\/2020\/09\/C_CM8792.jpg 384w, https:\/\/whisky-francais.com\/wp-content\/uploads\/2020\/09\/C_CM8792-300x300.jpg 300w, https:\/\/whisky-francais.com\/wp-content\/uploads\/2020\/09\/C_CM8792-150x150.jpg 150w\" sizes=\"(max-width: 227px) 100vw, 227px\" \/>On vous laisse d\u00e9couvrir tout les d\u00e9tails de <a href=\"https:\/\/fr.wikisource.org\/wiki\/La_L%C3%A9gende_de_la_mort_en_Basse-Bretagne\/Texte_entier#LE071\">cette sombre histoire ici<\/a>,\u00a0 pour notre part, nous allons nous attarder sur le whisky \u00e9ponyme avec David Roussier directeur de <a href=\"https:\/\/whisky-francais.com\/index.php\/distilleries\/warenghem\/\">la distillerie Warenghem<\/a>.<\/p>\n<p>Bonjour David, vous venez d&#8217;embouteiller ton premier whisky intens\u00e9ment tourb\u00e9. Peux-tu nous le d\u00e9crire bri\u00e8vement (c\u00e9r\u00e9ales, levures, distillations, f\u00fbts) ?\u00a0<\/p>\n<blockquote>\n<p style=\"font-weight: 400;\">Pour ce whisky Breton Single Malt, nous avons utilis\u00e9 du malt tourb\u00e9 \u00e9cossais 50 ppm (Crisp Malts). Il a \u00e9t\u00e9 brass\u00e9 et ferment\u00e9 3\/4 jours selon notre processus habituel. Pour la distillation, nous avons cherch\u00e9 \u00e0 avoir une tourbe s\u00e8che avec le fruit\u00e9 et la rondeur caract\u00e9ristique d\u2019Armorik, donc nous sommes rest\u00e9s sur des coupes assez hautes.<\/p>\n<p style=\"font-weight: 400;\">Il a ensuite vieilli 3 ans dans des f\u00fbts peu actifs (3\u00e8me remplissage bourbon) et un peu de ex-f\u00fbts de sherry pour le c\u00f4t\u00e9 oxydatif (pas le go\u00fbt sherry). L\u2019id\u00e9e \u00e9tait vraiment de mettre en avant le distillat pur avec tr\u00e8s peu d\u2019influence du f\u00fbt.<\/p>\n<p style=\"font-weight: 400;\">Au final, nous avons quelque chose de tr\u00e8s aromatique entre la tourbe et le fruit, avec toujours beaucoup de gras et de rondeur.<\/p>\n<\/blockquote>\n<p>Le nom de ce nouveau single malt n&rsquo;est pas anodin, comment l&rsquo;avez-vous choisi ?<\/p>\n<blockquote>\n<p style=\"font-weight: 400;\">Yeun\u00a0Elez\u00a0est le nom d\u2019une ancienne tourbi\u00e8re Bretonne, qui \u00e9tait encore exploit\u00e9e au 20<sup>\u00e8me<\/sup> si\u00e8cle, et qui de plus, se situe dans les Monts d\u2019Arr\u00e9e au milieu du Parc Naturel d\u2019Armorik. Quand nous avons d\u00e9couvert qu\u2019elle \u00e9tait le berceau de nombreuses l\u00e9gendes Bretonnes (Ankou, chien noir, korrigan\u2026), nous nous sommes dit qu\u2019il y avait quelque chose de sympa \u00e0 faire.<\/p>\n<p style=\"font-weight: 400;\">Du coup, le packaging a \u00e9t\u00e9 compl\u00e8tement imagin\u00e9 autour de \u00e7a et pr\u00e9sente la l\u00e9gende de Tadic-Coz.<\/p>\n<\/blockquote>\n<p><img loading=\"lazy\" decoding=\"async\" data-attachment-id=\"5509\" data-permalink=\"https:\/\/whisky-francais.com\/index.php\/2020\/09\/27\/yeun-elez-la-tourbe-par-warenghem\/amorik-gamme-yeun-elez-whisky-francais-2\/\" data-orig-file=\"https:\/\/whisky-francais.com\/wp-content\/uploads\/2020\/09\/Amorik-gamme-Yeun-Elez-whisky-francais-2.jpg\" data-orig-size=\"720,640\" data-comments-opened=\"0\" data-image-meta=\"{&quot;aperture&quot;:&quot;0&quot;,&quot;credit&quot;:&quot;&quot;,&quot;camera&quot;:&quot;&quot;,&quot;caption&quot;:&quot;&quot;,&quot;created_timestamp&quot;:&quot;0&quot;,&quot;copyright&quot;:&quot;&quot;,&quot;focal_length&quot;:&quot;0&quot;,&quot;iso&quot;:&quot;0&quot;,&quot;shutter_speed&quot;:&quot;0&quot;,&quot;title&quot;:&quot;&quot;,&quot;orientation&quot;:&quot;1&quot;}\" data-image-title=\"Amorik-gamme-Yeun-Elez whisky francais 2\" data-image-description=\"\" data-image-caption=\"\" data-medium-file=\"https:\/\/whisky-francais.com\/wp-content\/uploads\/2020\/09\/Amorik-gamme-Yeun-Elez-whisky-francais-2-300x267.jpg\" data-large-file=\"https:\/\/whisky-francais.com\/wp-content\/uploads\/2020\/09\/Amorik-gamme-Yeun-Elez-whisky-francais-2.jpg\" class=\"alignnone size-full wp-image-5509\" src=\"https:\/\/whisky-francais.com\/wp-content\/uploads\/2020\/09\/Amorik-gamme-Yeun-Elez-whisky-francais-2.jpg\" alt=\"\" width=\"720\" height=\"640\" srcset=\"https:\/\/whisky-francais.com\/wp-content\/uploads\/2020\/09\/Amorik-gamme-Yeun-Elez-whisky-francais-2.jpg 720w, https:\/\/whisky-francais.com\/wp-content\/uploads\/2020\/09\/Amorik-gamme-Yeun-Elez-whisky-francais-2-300x267.jpg 300w\" sizes=\"(max-width: 720px) 100vw, 720px\" \/><\/p>\n<p>S&rsquo;agit-il d&rsquo;une gamme permanente ? Y aura-t-il d&rsquo;autre variations autour de Yeun Elez ?<\/p>\n<blockquote>\n<p style=\"font-weight: 400;\">Nous voulons en faire une gamme permanente, qui pourrait se d\u00e9velopper en parall\u00e8le d\u2019Armorik. Elle sera forc\u00e9ment un peu limit\u00e9e en volume (nous ne distillons du tourb\u00e9 que 15 jours dans l\u2019ann\u00e9e). L\u2019expression Jobic est la premi\u00e8re de la liste, mais elle sera suivie probablement par une expression Tadic-Coz, (pourquoi pas en brut de f\u00fbt !).<\/p>\n<p style=\"font-weight: 400;\">Et puis, nous nous sommes amus\u00e9s \u00e0 mettre du whisky tourb\u00e9 dans plusieurs types de f\u00fbts amusants, donc la gamme sera \u00e9volutive !<\/p>\n<\/blockquote>\n<p>On a h\u00e2te ! Merci David.<\/p>\n<p>C\u00f4t\u00e9 d\u00e9gustation, Yeun Elez n&rsquo;a rien \u00e0 envier au \u00ab\u00a0peat monster\u00a0\u00bb d&rsquo;Islay !<\/p>\n<p>Le nez pr\u00e9sente une tourbe grasse, m\u00e9dicinale et camphr\u00e9e. Elle se double de parfums de citron confit, de zeste d&rsquo;orange et de cire d&rsquo;abeille.<\/p>\n<p>En bouche, le whisky est huileux et enveloppant, la fum\u00e9e se dissipe sur des ar\u00f4mes d&rsquo;algues, de pains aux cercles et d&rsquo;iodes. L\u00e0 aussi, les agrumes apportent de la fraicheur et du fruit\u00e9 !<\/p>\n<p>La finale, quant \u00e0 elle, est longue et \u00e9pic\u00e9e. On retrouve les notes de tourbe fraiche puis, apr\u00e8s de longues minutes, il subsiste de belles notes de cendres chaude.<\/p>\n<p>Warenghem signe ici un superbe whisky pour les amateurs de grosse tourbe !<\/p>\n<p>yec\u02bched mat\u00a0<\/p>\n","protected":false},"excerpt":{"rendered":"<p>\u00ab Nous entrons dans le Yeun Elez, dit-il \u00e0 Jobic. Quoi que tu entendes, ne d\u00e9tourne pas la t\u00eate. Il<\/p>\n","protected":false},"author":1,"featured_media":5511,"comment_status":"closed","ping_status":"closed","sticky":false,"template":"","format":"standard","meta":{"jetpack_post_was_ever_published":false,"footnotes":"","jetpack_publicize_message":"","jetpack_is_tweetstorm":false,"jetpack_publicize_feature_enabled":true,"jetpack_social_post_already_shared":true,"jetpack_social_options":{"image_generator_settings":{"template":"highway","enabled":false}}},"categories":[43,3,37,41,35,42,8,38,25],"tags":[],"class_list":["post-5500","post","type-post","status-publish","format-standard","has-post-thumbnail","hentry","category-cerealier","category-distillerie","category-epice","category-frenchtouch","category-fruite","category-mineral","category-notesdedegustation","category-tourbefume","category-warenghem"],"jetpack_publicize_connections":[],"jetpack_featured_media_url":"https:\/\/whisky-francais.com\/wp-content\/uploads\/2020\/09\/20200926_172757-2-scaled.jpg","jetpack_sharing_enabled":true,"jetpack_shortlink":"https:\/\/wp.me\/p8oZPa-1qI","jetpack-related-posts":[{"id":8045,"url":"https:\/\/whisky-francais.com\/index.php\/2025\/09\/26\/french-drinks-award-ce-que-nous-dit-le-palmares-du-whisky-francais\/","url_meta":{"origin":5500,"position":0},"title":"French Drinks Award \u2013 Ce que nous dit le palmar\u00e8s du whisky fran\u00e7ais !","date":"26 septembre 2025","format":false,"excerpt":"La deuxi\u00e8me \u00e9dition des French Drinks Award a tenu toutes ses promesses et offert un palmar\u00e8s particuli\u00e8rement riche et vari\u00e9 avec, pour le whisky, pas moins de 5 M\u00e9dailles de Diamant, 36 d\u2019Or, 86 d\u2019Argent et 21 de Bronze !Le d\u00e9tail est accessible ici et nous vous proposons de revenir\u2026","rel":"","context":"Dans &quot;Non class\u00e9&quot;","img":{"alt_text":"","src":"https:\/\/i0.wp.com\/whisky-francais.com\/wp-content\/uploads\/2025\/09\/DSC_3867.jpg?resize=350%2C200&ssl=1","width":350,"height":200},"classes":[]},{"id":7514,"url":"https:\/\/whisky-francais.com\/index.php\/2024\/09\/28\/world-whiskies-awards-france-le-palmares\/","url_meta":{"origin":5500,"position":1},"title":"World Whiskies Awards France &#8211; Le Palmar\u00e8s !","date":"28 septembre 2024","format":false,"excerpt":"Le bien connu concours des World Drinks Awards est n\u00e9 en Grande-Bretagne il y a 25 ans, depuis, il a largement contribu\u00e9 au d\u00e9veloppement de bien des tendances dans le monde du whisky ! Cette ann\u00e9e, Whisky Magazine et Whisky Live Paris ont d\u00e9cid\u00e9 d\u2019\u00eatre partenaires de ce concours avec\u2026","rel":"","context":"Dans &quot;Alfred GIRAUD&quot;","img":{"alt_text":"","src":"https:\/\/i0.wp.com\/whisky-francais.com\/wp-content\/uploads\/2024\/09\/world-whisky-awards-whisky-francais.jpg?resize=350%2C200&ssl=1","width":350,"height":200},"classes":[]},{"id":8098,"url":"https:\/\/whisky-francais.com\/index.php\/2025\/10\/24\/les-whiskies-bretons-deja-collectors\/","url_meta":{"origin":5500,"position":2},"title":"Les whiskies bretons, d\u00e9j\u00e0 collectors ?","date":"24 octobre 2025","format":false,"excerpt":"Voil\u00e0 d\u00e9sormais plus de quarante ans que la France produit du whisky mais, si l\u2019on regarde attentivement, on constate que c\u2019est au cours des dix derni\u00e8res ann\u00e9es que la production a v\u00e9ritablement pris de l\u2019ampleur. C\u2019est particuli\u00e8rement \u00e9loquent lorsqu\u2019on regarde l\u2019\u00e9volution du nombre de distilleries productrices de whisky en France\u2026","rel":"","context":"Dans &quot;Actualit\u00e9s&quot;","img":{"alt_text":"","src":"https:\/\/i0.wp.com\/whisky-francais.com\/wp-content\/uploads\/2025\/10\/fsa-oct-254375-scaled.jpg?resize=350%2C200&ssl=1","width":350,"height":200},"classes":[]},{"id":5551,"url":"https:\/\/whisky-francais.com\/index.php\/2020\/10\/19\/ninkasi-passe-a-la-vitesse-superieure\/","url_meta":{"origin":5500,"position":3},"title":"Ninkasi passe \u00e0 la vitesse sup\u00e9rieure !","date":"19 octobre 2020","format":false,"excerpt":"D\u00e9esse de la bi\u00e8re dans la mythologie Sum\u00e9rienne, Ninkasi a pr\u00eat\u00e9 son nom \u00e0 la d\u00e9sormais c\u00e9l\u00e8bre brasserie Lyonnaise. Alors que la brasserie existe depuis 1997, il faudra attendre 2009 pour que Christophe Fargier (fondateur et actuel dirigeant) d\u00e9bute les r\u00e9flexions autour d\u2019un futur whisky. En 2012, la distillerie s\u2019implante\u2026","rel":"","context":"Dans &quot;Actualit\u00e9s&quot;","img":{"alt_text":"","src":"https:\/\/i0.wp.com\/whisky-francais.com\/wp-content\/uploads\/2020\/10\/Whisky-francais-Ninkasi-track-04-pinot-noir-finish-LMDW.jpg?resize=350%2C200&ssl=1","width":350,"height":200},"classes":[]},{"id":3408,"url":"https:\/\/whisky-francais.com\/index.php\/2018\/03\/31\/armorik-triagoz-46\/","url_meta":{"origin":5500,"position":4},"title":"Armorik Triagoz, 46% &#8211; Distillerie Warenghem","date":"31 mars 2018","format":false,"excerpt":"Description Pour les 20 ans de son single malt Armorik, la distillerie Warenghem nous invite \u00e0 d\u00e9couvrir un whisky l\u00e9g\u00e8rement tourb\u00e9 et embouteill\u00e9 \u00e0 46%. Vieillissement en f\u00fbt de Bourbon. Couleur \u00a0Or p\u00e2le Premier Nez Sur les fleurs capiteuses (potpourri \u00e0 dominante de violette), avec quelques notes citronn\u00e9es (zeste) et\u2026","rel":"","context":"Dans &quot;Distillerie&quot;","img":{"alt_text":"Armorik Triagoz, Whisky Breton, assemblage, whisky de malt, whisky de grain, Warenghem, Lannion, Bretagne, whisky Fran\u00e7ais, French whisky, Matthieu Acar, Xavier Brevet, Lilya Sekkal, d\u00e9gustation, whisky, masterclass, Paris, atelier, d\u00e9gustation, whisky","src":"https:\/\/i0.wp.com\/whisky-francais.com\/wp-content\/uploads\/2018\/03\/armorik-triagoz-whisky-francais.jpg?resize=350%2C200&ssl=1","width":350,"height":200},"classes":[]},{"id":3505,"url":"https:\/\/whisky-francais.com\/index.php\/2018\/04\/05\/en-aparte-avec-clemence-vedrenne-commerciale-export-retail-a-la-distillerie-warenghem\/","url_meta":{"origin":5500,"position":5},"title":"En Apart\u00e9 avec&#8230; Cl\u00e9mence Vedrenne, Commerciale Export &#038; Retail \u00e0 la Distillerie Warenghem","date":"5 avril 2018","format":false,"excerpt":"R\u00e9cemment prim\u00e9e aux World Whiskies Awards, la distillerie Warenghem\u00a0ne cesse de nous surprendre par sa vitalit\u00e9 et son inventivit\u00e9. Il n'en fallait pas plus pour que profitions du passage de Cl\u00e9mence Vedrenne aux Passerelles pour l'interviewer sur la distillerie et son actualit\u00e9. Compte rendu d'enqu\u00eate! La distillerie Warenghem vient d\u2019\u00eatre\u2026","rel":"","context":"Dans &quot;Actualit\u00e9s&quot;","img":{"alt_text":"Armorik Triagoz, Cl\u00e9mence Vedrenne, Whisky Breton, assemblage, whisky de malt, whisky de grain, Warenghem, Lannion, Bretagne, whisky Fran\u00e7ais, French whisky, Matthieu Acar, Xavier Brevet, Lilya Sekkal, d\u00e9gustation, whisky, masterclass, Paris, atelier, d\u00e9gustation, whisky","src":"https:\/\/i0.wp.com\/whisky-francais.com\/wp-content\/uploads\/2018\/04\/12729143_1556487807995707_1265045296503294535_n-1.jpg?resize=350%2C200&ssl=1","width":350,"height":200},"classes":[]}],"_links":{"self":[{"href":"https:\/\/whisky-francais.com\/index.php\/wp-json\/wp\/v2\/posts\/5500"}],"collection":[{"href":"https:\/\/whisky-francais.com\/index.php\/wp-json\/wp\/v2\/posts"}],"about":[{"href":"https:\/\/whisky-francais.com\/index.php\/wp-json\/wp\/v2\/types\/post"}],"author":[{"embeddable":true,"href":"https:\/\/whisky-francais.com\/index.php\/wp-json\/wp\/v2\/users\/1"}],"replies":[{"embeddable":true,"href":"https:\/\/whisky-francais.com\/index.php\/wp-json\/wp\/v2\/comments?post=5500"}],"version-history":[{"count":10,"href":"https:\/\/whisky-francais.com\/index.php\/wp-json\/wp\/v2\/posts\/5500\/revisions"}],"predecessor-version":[{"id":5528,"href":"https:\/\/whisky-francais.com\/index.php\/wp-json\/wp\/v2\/posts\/5500\/revisions\/5528"}],"wp:featuredmedia":[{"embeddable":true,"href":"https:\/\/whisky-francais.com\/index.php\/wp-json\/wp\/v2\/media\/5511"}],"wp:attachment":[{"href":"https:\/\/whisky-francais.com\/index.php\/wp-json\/wp\/v2\/media?parent=5500"}],"wp:term":[{"taxonomy":"category","embeddable":true,"href":"https:\/\/whisky-francais.com\/index.php\/wp-json\/wp\/v2\/categories?post=5500"},{"taxonomy":"post_tag","embeddable":true,"href":"https:\/\/whisky-francais.com\/index.php\/wp-json\/wp\/v2\/tags?post=5500"}],"curies":[{"name":"wp","href":"https:\/\/api.w.org\/{rel}","templated":true}]}}