{"id":7508,"date":"2024-10-27T09:49:02","date_gmt":"2024-10-27T08:49:02","guid":{"rendered":"https:\/\/whisky-francais.com\/?p=7508"},"modified":"2024-10-27T09:49:02","modified_gmt":"2024-10-27T08:49:02","slug":"warcove-le-whisky-de-la-brasserie-artisanale-des-2-caps","status":"publish","type":"post","link":"https:\/\/whisky-francais.com\/index.php\/2024\/10\/27\/warcove-le-whisky-de-la-brasserie-artisanale-des-2-caps\/","title":{"rendered":"Warcove : Le whisky de la Brasserie Artisanale des 2 Caps"},"content":{"rendered":"\n<p>Alors que la <a href=\"https:\/\/whisky-francais.com\/index.php\/brasserie-artisanale-des-2-caps-christophe-noyon-brasseur\/\">Brasserie des 2caps<\/a> situ\u00e9 sur la c\u00f4te d\u2019opale vient d\u2019embouteiller une seconde expression de son whisky Warcove, il est temps de revenir sur l\u2019histoire de se producteur pas comme les autres !\u00a0<\/p>\n<p>En 2003, Christophe Noyon, Ing\u00e9nieur agronome de formation, d\u00e9cide de quitter son poste dans l\u2019agro-industrie en r\u00e9gion parisienne pour reprendre la ferme familiale le\u00a0Pas-de-Calais. Pour que le projet soit viable, Christophe cherche un nouveau mod\u00e8le \u00e9conomique a m\u00eame de valoriser son Orge. C\u2019est en visitant une brasserie en bretagne (Lancelot) qu\u2019il se dit qu\u2019apr\u00e8s tout, la Bi\u00e8re ce serait une bonne id\u00e9e. Rappelons que nous sommes au tout d\u00e9but du boom des microbrasserie, l\u2019id\u00e9e est plus audacieuse qu\u2019il n&rsquo;y parait\u00a0! Quoiqu\u2019il en soit, a 37 ans, Christophe se lance, fais un master en science de la malterie et de la brasserie et d\u00e9m\u00e9nage \u00e0 Tardinghen, un village situ\u00e9e entre les deux caps Gris-Nez et Blanc-Nez, faisant ainsi partie des 21 communes formant le grand site des Deux Caps qui donnera son nom \u00e0 la brasserie. Ainsi naquis la brasserie des 2 Caps.<\/p>\n<p>Les deux premi\u00e8res ann\u00e9es, la production de bi\u00e8re est sous-trait\u00e9e, puis, en 2005, Christophe fait l\u2019acquisition de mat\u00e9riel brassicole en Slovaquie et d\u00e9marre la production sur place tout en gardant une faible part de sous-traitance par prudence. D\u00e8s l&rsquo;arriv\u00e9e des \u00e9quipements \u00e0 la ferme, les habitants des villages alentours croient au retour de la distillerie familiale des Noyon. En effet, de 1946 \u00e0 1966, le grand-p\u00e8re de Christophe disposait d\u2019une distillerie dans le coin et produisait de l\u2019alcool de betterave. Renouant avec son histoire familiale, et \u00e0 la vue des paysages rappelant l\u2019\u00c9cosse et entourant la ferme, Christophe se dit qu\u2019un jour peut-\u00eatre, il produira du whisky !<\/p>\n<figure id=\"attachment_7543\" aria-describedby=\"caption-attachment-7543\" style=\"width: 1536px\" class=\"wp-caption aligncenter\"><img loading=\"lazy\" decoding=\"async\" data-attachment-id=\"7543\" data-permalink=\"https:\/\/whisky-francais.com\/index.php\/2024\/10\/27\/warcove-le-whisky-de-la-brasserie-artisanale-des-2-caps\/whisky-warcove-mise-en-bouteille-2\/\" data-orig-file=\"https:\/\/whisky-francais.com\/wp-content\/uploads\/2024\/10\/Whisky-Warcove-mise-en-bouteille-2.jpg\" data-orig-size=\"1536,2048\" data-comments-opened=\"0\" data-image-meta=\"{&quot;aperture&quot;:&quot;0&quot;,&quot;credit&quot;:&quot;&quot;,&quot;camera&quot;:&quot;&quot;,&quot;caption&quot;:&quot;&quot;,&quot;created_timestamp&quot;:&quot;0&quot;,&quot;copyright&quot;:&quot;&quot;,&quot;focal_length&quot;:&quot;0&quot;,&quot;iso&quot;:&quot;0&quot;,&quot;shutter_speed&quot;:&quot;0&quot;,&quot;title&quot;:&quot;&quot;,&quot;orientation&quot;:&quot;0&quot;}\" data-image-title=\"Whisky-Warcove-mise-en-bouteille-2\" data-image-description=\"\" data-image-caption=\"\" data-medium-file=\"https:\/\/whisky-francais.com\/wp-content\/uploads\/2024\/10\/Whisky-Warcove-mise-en-bouteille-2-225x300.jpg\" data-large-file=\"https:\/\/whisky-francais.com\/wp-content\/uploads\/2024\/10\/Whisky-Warcove-mise-en-bouteille-2-768x1024.jpg\" class=\"wp-image-7543 size-full\" src=\"https:\/\/whisky-francais.com\/wp-content\/uploads\/2024\/10\/Whisky-Warcove-mise-en-bouteille-2.jpg\" alt=\"\" width=\"1536\" height=\"2048\" srcset=\"https:\/\/whisky-francais.com\/wp-content\/uploads\/2024\/10\/Whisky-Warcove-mise-en-bouteille-2.jpg 1536w, https:\/\/whisky-francais.com\/wp-content\/uploads\/2024\/10\/Whisky-Warcove-mise-en-bouteille-2-225x300.jpg 225w, https:\/\/whisky-francais.com\/wp-content\/uploads\/2024\/10\/Whisky-Warcove-mise-en-bouteille-2-768x1024.jpg 768w, https:\/\/whisky-francais.com\/wp-content\/uploads\/2024\/10\/Whisky-Warcove-mise-en-bouteille-2-1152x1536.jpg 1152w\" sizes=\"(max-width: 1536px) 100vw, 1536px\" \/><figcaption id=\"caption-attachment-7543\" class=\"wp-caption-text\"><span style=\"color: #808080;\"><em>Christophe Noyon embouteille ses premiers whiskies<\/em><\/span><\/figcaption><\/figure>\n<p>Il faudra attendre un peu plus d\u2019une d\u00e9cennie pour que le projet se concr\u00e9tise. En 2016, apr\u00e8s avoir suivi une formation au CIDS, Christophe commence \u00e0 ma\u00eetriser l&rsquo;art du vieillissement des alcools bruns, n\u00e9anmoins, s\u2019il dispose de l\u2019orge et de la brasserie, Christophe n\u2019a pas de distillerie. Il reprend alors contact avec <a href=\"https:\/\/whisky-francais.com\/index.php\/distilleries\/hautefeuille\/\">Etienne d\u2019Hautefeuille<\/a> avec qui il avait d\u00e9j\u00e0 \u00e9chang\u00e9 auparavant, lorsque ce dernier cherchait des conseils sur le brassage. Ensemble, ils distillent un premier batch en 2018 et trois ans plus tard, le premier whisky de la brasserie, baptis\u00e9 <em>Warcove<\/em>, est lanc\u00e9. Son nom est un clin d\u2019\u0153il \u00e0 la distillerie familiale d\u2019autrefois puisque Warcove n\u2019est autre que le Hameau, situ\u00e9 \u00e0 3 km de la brasserie, dans lequel l\u2019a\u00efeul de Christophe avait sa distillerie.<\/p>\n<p>Le prochain lot de <em>Warcove<\/em> est pr\u00e9vu pour octobre 2024, et un nouveau chai de vieillissement sera construit en 2026, permettant aux futurs whiskies de b\u00e9n\u00e9ficier de l&rsquo;air marin de la c\u00f4te d&rsquo;Opale.<\/p>\n<p><strong><img loading=\"lazy\" decoding=\"async\" data-attachment-id=\"7545\" data-permalink=\"https:\/\/whisky-francais.com\/index.php\/2024\/10\/27\/warcove-le-whisky-de-la-brasserie-artisanale-des-2-caps\/whisky-warcove-3-1-scaled\/\" data-orig-file=\"https:\/\/whisky-francais.com\/wp-content\/uploads\/2024\/10\/Whisky-Warcove-3-1-scaled-1.jpg\" data-orig-size=\"423,1063\" data-comments-opened=\"0\" data-image-meta=\"{&quot;aperture&quot;:&quot;1.9&quot;,&quot;credit&quot;:&quot;&quot;,&quot;camera&quot;:&quot;Redmi Note 5&quot;,&quot;caption&quot;:&quot;&quot;,&quot;created_timestamp&quot;:&quot;1643308637&quot;,&quot;copyright&quot;:&quot;&quot;,&quot;focal_length&quot;:&quot;3.94&quot;,&quot;iso&quot;:&quot;1250&quot;,&quot;shutter_speed&quot;:&quot;0.05&quot;,&quot;title&quot;:&quot;&quot;,&quot;orientation&quot;:&quot;1&quot;}\" data-image-title=\"Whisky-Warcove-3-1-scaled\" data-image-description=\"\" data-image-caption=\"\" data-medium-file=\"https:\/\/whisky-francais.com\/wp-content\/uploads\/2024\/10\/Whisky-Warcove-3-1-scaled-1-119x300.jpg\" data-large-file=\"https:\/\/whisky-francais.com\/wp-content\/uploads\/2024\/10\/Whisky-Warcove-3-1-scaled-1-407x1024.jpg\" class=\" wp-image-7545 alignleft\" src=\"https:\/\/whisky-francais.com\/wp-content\/uploads\/2024\/10\/Whisky-Warcove-3-1-scaled-1.jpg\" alt=\"\" width=\"209\" height=\"525\" srcset=\"https:\/\/whisky-francais.com\/wp-content\/uploads\/2024\/10\/Whisky-Warcove-3-1-scaled-1.jpg 423w, https:\/\/whisky-francais.com\/wp-content\/uploads\/2024\/10\/Whisky-Warcove-3-1-scaled-1-119x300.jpg 119w, https:\/\/whisky-francais.com\/wp-content\/uploads\/2024\/10\/Whisky-Warcove-3-1-scaled-1-407x1024.jpg 407w\" sizes=\"(max-width: 209px) 100vw, 209px\" \/><\/strong>Produit \u00e0 partir d\u2019orge maritime, cultiv\u00e9e sur les 69 hectares de la ferme, distill\u00e9 en Stupfler et \u00e9lev\u00e9 dans un mix de f\u00fbts roux de rhum, de barrique de ch\u00eane fran\u00e7ais neuve et de Pedro xim\u00e9nez, la nouvelle \u00e9dition de Warcove se distingue par son profil aromatique d&rsquo;une grande richesse.<\/p>\n<p><strong>Nez<\/strong> : Parfums d&rsquo;automne avec des ar\u00f4mes de poire m\u00fbre, de bois noble (\u00e9b\u00e8ne). Des touches d&rsquo;orange confite et de malt caram\u00e9lis\u00e9 se m\u00ealent d\u00e9licatement \u00e0 des notes de fleurs s\u00e9ch\u00e9es et de th\u00e9 noir.<\/p>\n<p><strong>Bouche<\/strong> : Texture soyeuse et g\u00e9n\u00e9reuse. Les ar\u00f4mes p\u00e2tissiers dominent avec des r\u00e9miniscences de g\u00e2teau aux noix, de financier, de marmelade d&rsquo;orange et de cacao. Des \u00e9pices plus intenses, notamment du poivre, viennent compl\u00e9ter cette riche palette.<\/p>\n<p><strong>Finale<\/strong> : Longue et bois\u00e9e, elle s&rsquo;\u00e9tire sur des accents de clou de girofle et de malt torr\u00e9fi\u00e9, apportant une belle profondeur.<\/p>\n<p>\u00a0<\/p>\n<p>La brasserie continue d&rsquo;innover, avec de nouveaux projets \u00e0 venir, tout en restant fid\u00e8le \u00e0 ses racines.<\/p>\n<p>\u00a0<\/p>\n<p>\u00a0<\/p>\n<p>Pour en savoir plus, consultez la page :\u00a0<\/p>\n\n\n\n<figure class=\"wp-block-embed is-type-wp-embed is-provider-contenu-embarqu wp-block-embed-contenu-embarqu\"><div class=\"wp-block-embed__wrapper\">\n<blockquote class=\"wp-embedded-content\" data-secret=\"BnP8nPWd5s\"><a href=\"https:\/\/whisky-francais.com\/index.php\/brasserie-artisanale-des-2-caps-christophe-noyon-brasseur\/\">Brasserie Artisanale des 2 Caps\u00a0 &#8211; Christophe noyon Brasseur<\/a><\/blockquote><iframe loading=\"lazy\" class=\"wp-embedded-content\" sandbox=\"allow-scripts\" security=\"restricted\" style=\"position: absolute; visibility: hidden;\" title=\"\u00ab\u00a0Brasserie Artisanale des 2 Caps\u00a0 &#8211; Christophe noyon Brasseur\u00a0\u00bb &#8212; \" src=\"https:\/\/whisky-francais.com\/index.php\/brasserie-artisanale-des-2-caps-christophe-noyon-brasseur\/embed\/#?secret=nSGHZ6SoA7#?secret=BnP8nPWd5s\" data-secret=\"BnP8nPWd5s\" width=\"600\" height=\"338\" frameborder=\"0\" marginwidth=\"0\" marginheight=\"0\" scrolling=\"no\"><\/iframe>\n<\/div><\/figure>\n","protected":false},"excerpt":{"rendered":"<p>Alors que la Brasserie des 2caps situ\u00e9 sur la c\u00f4te d\u2019opale vient d\u2019embouteiller une seconde expression de son whisky Warcove,<\/p>\n","protected":false},"author":1,"featured_media":7546,"comment_status":"closed","ping_status":"closed","sticky":false,"template":"","format":"standard","meta":{"jetpack_post_was_ever_published":false,"footnotes":"","jetpack_publicize_message":"","jetpack_is_tweetstorm":false,"jetpack_publicize_feature_enabled":true,"jetpack_social_post_already_shared":true,"jetpack_social_options":{"image_generator_settings":{"template":"highway","enabled":false}}},"categories":[1],"tags":[],"class_list":["post-7508","post","type-post","status-publish","format-standard","has-post-thumbnail","hentry","category-non-classe"],"jetpack_publicize_connections":[],"jetpack_featured_media_url":"https:\/\/whisky-francais.com\/wp-content\/uploads\/2024\/10\/Whisky-Warcove-Barriques-1-1.jpg","jetpack_sharing_enabled":true,"jetpack_shortlink":"https:\/\/wp.me\/p8oZPa-1X6","jetpack-related-posts":[{"id":7184,"url":"https:\/\/whisky-francais.com\/index.php\/2024\/03\/05\/rozelieures-une-ferme-distillerie-tournee-vers-lavenir\/","url_meta":{"origin":7508,"position":0},"title":"Rozelieures, une ferme-distillerie tourn\u00e9e vers l&rsquo;avenir","date":"5 mars 2024","format":false,"excerpt":"En augmentant significativement sa production, la ferme distillerie de Rozelieures \u00e9crit un nouveau chapitre d\u00e8s son histoire et consolide sa place de locomotive du whisky fran\u00e7ais !","rel":"","context":"Dans &quot;Actualit\u00e9s&quot;","img":{"alt_text":"","src":"https:\/\/i0.wp.com\/whisky-francais.com\/wp-content\/uploads\/2024\/03\/Rozelieures-champs-et-distillerie.jpg?resize=350%2C200&ssl=1","width":350,"height":200},"classes":[]},{"id":6699,"url":"https:\/\/whisky-francais.com\/index.php\/2023\/05\/27\/4810-le-whisky-de-la-brasserie-distillerie-du-mont-blanc\/","url_meta":{"origin":7508,"position":1},"title":"4810, Le whisky de la Brasserie-Distillerie du Mont Blanc","date":"27 mai 2023","format":false,"excerpt":"Sous la houlette de sylvain Chiron, la brasserie distillerie du mont blanc a r\u00e9cemment embouteill\u00e9 4810, son premier whisky ! Retour sur une histoire qui d\u00e9bute il y a plus de 200 ans ! En 1821, un certain monsieur Rabenak dirige une brasserie \u00e0 Sallanches, l\u2019entreprise produit alors quelque 6\u2026","rel":"","context":"Dans &quot;Distillerie&quot;","img":{"alt_text":"","src":"https:\/\/i0.wp.com\/whisky-francais.com\/wp-content\/uploads\/2023\/05\/eau-du-mont-blanc-distillerie-du-mont-blanc-whisky-francais.jpg?resize=350%2C200&ssl=1","width":350,"height":200},"classes":[]},{"id":2039,"url":"https:\/\/whisky-francais.com\/index.php\/2017\/06\/28\/distillerie-ninkasi-portrait-alban-perret\/","url_meta":{"origin":7508,"position":2},"title":"Distillerie Ninkasi \u2013 Portrait Alban Perret","date":"28 juin 2017","format":false,"excerpt":"\u00ab\u00a0Cet amour du go\u00fbt est inscrit dans mes g\u00eanes\u00a0\u00bb La brasserie Ninkasi est r\u00e9put\u00e9e pour ses bi\u00e8res. Mais, r\u00e9cemment, les fondateurs de cette institution lyonnaise ont d\u00e9cid\u00e9 de se lancer dans le whisky. Pour mener \u00e0 bien ce projet, ils ont embauch\u00e9 Alban Perret, un distillateur hors-pair, passionn\u00e9 par la\u2026","rel":"","context":"Dans &quot;Distillerie&quot;","img":{"alt_text":"France, Ninkasi, Tarare, chai, Alban Perret, Christophe Fargier, David Hubert, brasserie, distillerie, whisky, whisky fran\u00e7ais, french whisky, new malt spirit, alambic charentais, chalvignac, single malt., atelier, d\u00e9gustation, whisky","src":"https:\/\/i0.wp.com\/whisky-francais.com\/wp-content\/uploads\/2017\/06\/alban-perret.jpg?resize=350%2C200&ssl=1","width":350,"height":200},"classes":[]},{"id":7334,"url":"https:\/\/whisky-francais.com\/index.php\/2024\/06\/25\/le-whisky-de-lile-du-diable\/","url_meta":{"origin":7508,"position":3},"title":"Le whisky de l\u2019\u00eele du Diable","date":"25 juin 2024","format":false,"excerpt":"La brasserie Guyanaise \u00e0 r\u00e9cemment lanc\u00e9 une campagne de financement participatif afin de se lancer dans la production de whisky ! Un projet in\u00e9dit qui trouve son origine il y a plus de 10 ans. Avant la distillerie, la brasserie C\u2019est en 2010 que Fr\u00e9d\u00e9ric FARRUGIA d\u00e9cide de monter la\u2026","rel":"","context":"Dans &quot;Actualit\u00e9s&quot;","img":{"alt_text":"","src":"https:\/\/i0.wp.com\/whisky-francais.com\/wp-content\/uploads\/2024\/06\/whisky-francais-de-guyane-l-ile-du-diable-single-malt.jpeg?resize=350%2C200&ssl=1","width":350,"height":200},"classes":[]},{"id":7900,"url":"https:\/\/whisky-francais.com\/index.php\/2025\/05\/18\/une-brennhaus-toujours-en-activite-la-distillerie-hagmeyer\/","url_meta":{"origin":7508,"position":4},"title":"Une Brennhaus toujours en activit\u00e9 : la distillerie Hagmeyer","date":"18 mai 2025","format":false,"excerpt":"Nich\u00e9 dans le Bas-Rhin, le village de Balbronn a longtemps \u00e9t\u00e9 un haut lieu de la distillation. D\u00e9j\u00e0 en 1894, le pasteur local recensait pas moins de 62 propri\u00e9taires pratiquant la distillation, principalement de fruits et de marcs. Dans son ouvrage \u00ab Geschichte der Gemeinde Balbronn \u00bb Le pasteur Kieffer\u2026","rel":"","context":"Dans &quot;Distillerie&quot;","img":{"alt_text":"","src":"https:\/\/i0.wp.com\/whisky-francais.com\/wp-content\/uploads\/2025\/05\/Distillerie-Hagmeyer-whisky-Wah-whisky-alsacien-whisky-francais-porte-et-poutre.jpg?resize=350%2C200&ssl=1","width":350,"height":200},"classes":[]},{"id":1814,"url":"https:\/\/whisky-francais.com\/index.php\/2017\/06\/29\/ninkasi-fut-n001-environ-65\/","url_meta":{"origin":7508,"position":5},"title":"Ninkasi F\u00fbt N\u00b0001 &#8211; 65% (environ!)","date":"29 juin 2017","format":false,"excerpt":"C'est lors d'une visite \u00e0 la distillerie Ninkasi qu'Alban Perret nous \u00e0 permis de go\u00fbter ce premier f\u00fbt. Disponible \u00e9galement dans les bars de l'institution, ce breuvage laisse pr\u00e9sager un Whisky de grande qualit\u00e9! Voyons \u00e7a en d\u00e9tails ! Description Distill\u00e9 en d\u00e9cembre 2015 et go\u00fbt\u00e9 en Juin\u00a02017, nous d\u00e9gustons\u2026","rel":"","context":"Dans &quot;Distillerie&quot;","img":{"alt_text":"France, Ninkasi, tarare, chai, Alban Perret, Christophe Fargier, David Hubert, brasserie, distillerie, whisky, whisky fran\u00e7ais, french whisky, new malt spirit, alambic charentais, chalvignac, single malt, Matthieu Acar, Xavier Brevet, d\u00e9gustation, whisky, masterclass, Paris, atelier, d\u00e9gustation, whisky","src":"https:\/\/i0.wp.com\/whisky-francais.com\/wp-content\/uploads\/2017\/06\/Ninkasi-fut-numero-001.jpg?resize=350%2C200&ssl=1","width":350,"height":200},"classes":[]}],"_links":{"self":[{"href":"https:\/\/whisky-francais.com\/index.php\/wp-json\/wp\/v2\/posts\/7508"}],"collection":[{"href":"https:\/\/whisky-francais.com\/index.php\/wp-json\/wp\/v2\/posts"}],"about":[{"href":"https:\/\/whisky-francais.com\/index.php\/wp-json\/wp\/v2\/types\/post"}],"author":[{"embeddable":true,"href":"https:\/\/whisky-francais.com\/index.php\/wp-json\/wp\/v2\/users\/1"}],"replies":[{"embeddable":true,"href":"https:\/\/whisky-francais.com\/index.php\/wp-json\/wp\/v2\/comments?post=7508"}],"version-history":[{"count":6,"href":"https:\/\/whisky-francais.com\/index.php\/wp-json\/wp\/v2\/posts\/7508\/revisions"}],"predecessor-version":[{"id":7551,"href":"https:\/\/whisky-francais.com\/index.php\/wp-json\/wp\/v2\/posts\/7508\/revisions\/7551"}],"wp:featuredmedia":[{"embeddable":true,"href":"https:\/\/whisky-francais.com\/index.php\/wp-json\/wp\/v2\/media\/7546"}],"wp:attachment":[{"href":"https:\/\/whisky-francais.com\/index.php\/wp-json\/wp\/v2\/media?parent=7508"}],"wp:term":[{"taxonomy":"category","embeddable":true,"href":"https:\/\/whisky-francais.com\/index.php\/wp-json\/wp\/v2\/categories?post=7508"},{"taxonomy":"post_tag","embeddable":true,"href":"https:\/\/whisky-francais.com\/index.php\/wp-json\/wp\/v2\/tags?post=7508"}],"curies":[{"name":"wp","href":"https:\/\/api.w.org\/{rel}","templated":true}]}}