{"id":7811,"date":"2025-03-06T08:47:24","date_gmt":"2025-03-06T07:47:24","guid":{"rendered":"https:\/\/whisky-francais.com\/?p=7811"},"modified":"2025-03-06T08:55:02","modified_gmt":"2025-03-06T07:55:02","slug":"malt-in-france-2","status":"publish","type":"post","link":"https:\/\/whisky-francais.com\/index.php\/2025\/03\/06\/malt-in-france-2\/","title":{"rendered":"Malt in France : Une 2\u1d49 \u00e9dition plac\u00e9e sous le signe de l&rsquo;IG Whisky d&rsquo;Alsace"},"content":{"rendered":"\n<p data-start=\"61\" data-end=\"377\">Les 5 et 6 avril prochains, la seconde \u00e9dition du Salon Malt in France ouvre ses portes !<br data-start=\"150\" data-end=\"153\" \/>Apr\u00e8s le succ\u00e8s de <a href=\"https:\/\/whisky-francais.com\/index.php\/2024\/04\/10\/les-nouveautes-du-salon-malt-in-france\/\">la premi\u00e8re \u00e9dition<\/a>, la dynamique \u00e9quipe de l\u2019association Du Malt au Verre nous donne \u00e0 nouveau rendez-vous aux Ateliers du Vent, \u00e0 Rennes, pour c\u00e9l\u00e9brer l\u2019incroyable richesse des productions fran\u00e7aises.<\/p>\n<p data-start=\"379\" data-end=\"546\">Cette ann\u00e9e, le salon sera plac\u00e9 sous le sceau de l\u2019Indication G\u00e9ographique (IG) Whisky Alsacien, symbole de l\u2019artisanat propre au whisky fran\u00e7ais (Lire : <a href=\"https:\/\/whisky-francais.com\/index.php\/2017\/08\/07\/igp-whisky-alsacien-vs-whisky-breton\/\">IGP : whisky Alsacien VS whisky Breton<\/a> ).<\/p>\n<p data-start=\"548\" data-end=\"647\">Cl\u00e9ment Molliens, co-organisateur de l\u2019\u00e9v\u00e9nement, nous en dit plus sur cette \u00e9dition prometteuse.<\/p>\n<p data-start=\"649\" data-end=\"768\"><strong data-start=\"649\" data-end=\"766\">Apr\u00e8s une premi\u00e8re \u00e9dition r\u00e9ussie, quelles sont les grandes nouveaut\u00e9s et ambitions pour cette seconde \u00e9dition ?<\/strong><\/p>\n<p data-start=\"770\" data-end=\"995\"><em><strong data-start=\"770\" data-end=\"780\">Cl\u00e9ment :<\/strong> Cette ann\u00e9e, nous mettons \u00e0 l\u2019honneur l\u2019Indication G\u00e9ographique (IG) Alsace, apr\u00e8s avoir c\u00e9l\u00e9br\u00e9 l\u2019IG Bretagne l\u2019an dernier. Cela permet de valoriser les IG existantes en attendant la future IG Whisky de France !<\/em><\/p>\n<p data-start=\"997\" data-end=\"1173\"><em>Autre nouveaut\u00e9 marquante : la pr\u00e9sence d\u2019un camion \u00ab escape game \u00bb en lien avec le whisky fran\u00e7ais, et plus particuli\u00e8rement avec Armorik, les pionniers du whisky en France.<\/em><\/p>\n<p data-start=\"1175\" data-end=\"1255\"><strong data-start=\"1175\" data-end=\"1253\">Comment per\u00e7ois-tu l\u2019\u00e9volution du whisky fran\u00e7ais sur la sc\u00e8ne nationale ?<\/strong><\/p>\n<p data-start=\"1257\" data-end=\"1607\"><em><strong data-start=\"770\" data-end=\"780\">Cl\u00e9ment : <\/strong>L\u2019\u00e9volution est clairement positive ! Le whisky fran\u00e7ais r\u00e9sonne de plus en plus aupr\u00e8s du grand public, notamment gr\u00e2ce \u00e0 des \u00e9v\u00e9nements comme la Journ\u00e9e des Spiritueux Fran\u00e7ais ou encore le lancement d\u2019un deuxi\u00e8me Salon du Whisky Fran\u00e7ais \u00e0 Bordeaux en 2025 avec C\u00e9dric So Whisky (Salon de Bordeaux dont nous vous reparlerons tr\u00e8s prochainement).<\/em><\/p>\n<p data-start=\"1609\" data-end=\"1953\"><em>On constate \u00e9galement un v\u00e9ritable engouement pour le local : de plus en plus de consommateurs s\u2019int\u00e9ressent aux whiskies fran\u00e7ais, m\u00eame si certains ignorent encore l\u2019ampleur et la qualit\u00e9 de notre production. Mais cela \u00e9volue rapidement ! Il suffit de regarder les rayons des cavistes, qui misent toujours plus sur les r\u00e9f\u00e9rences fran\u00e7aises.<\/em><\/p>\n<p data-start=\"1609\" data-end=\"1953\"><img loading=\"lazy\" decoding=\"async\" data-attachment-id=\"7814\" data-permalink=\"https:\/\/whisky-francais.com\/index.php\/2025\/03\/06\/malt-in-france-2\/malt-in-france-whisky-francais-salon-rennes-whisky-mag-kilt\/\" data-orig-file=\"https:\/\/whisky-francais.com\/wp-content\/uploads\/2025\/03\/malt-in-france-whisky-francais-salon-rennes-whisky-mag-kilt-scaled.jpg\" data-orig-size=\"1707,2560\" data-comments-opened=\"0\" data-image-meta=\"{&quot;aperture&quot;:&quot;2&quot;,&quot;credit&quot;:&quot;&quot;,&quot;camera&quot;:&quot;Canon EOS 6D Mark II&quot;,&quot;caption&quot;:&quot;&quot;,&quot;created_timestamp&quot;:&quot;1712426697&quot;,&quot;copyright&quot;:&quot;&quot;,&quot;focal_length&quot;:&quot;35&quot;,&quot;iso&quot;:&quot;320&quot;,&quot;shutter_speed&quot;:&quot;0.033333333333333&quot;,&quot;title&quot;:&quot;&quot;,&quot;orientation&quot;:&quot;1&quot;}\" data-image-title=\"malt in france whisky francais salon rennes whisky mag kilt\" data-image-description=\"\" data-image-caption=\"\" data-medium-file=\"https:\/\/whisky-francais.com\/wp-content\/uploads\/2025\/03\/malt-in-france-whisky-francais-salon-rennes-whisky-mag-kilt-200x300.jpg\" data-large-file=\"https:\/\/whisky-francais.com\/wp-content\/uploads\/2025\/03\/malt-in-france-whisky-francais-salon-rennes-whisky-mag-kilt-683x1024.jpg\" class=\"aligncenter size-full wp-image-7814\" src=\"https:\/\/whisky-francais.com\/wp-content\/uploads\/2025\/03\/malt-in-france-whisky-francais-salon-rennes-whisky-mag-kilt-scaled.jpg\" alt=\"\" width=\"1707\" height=\"2560\" srcset=\"https:\/\/whisky-francais.com\/wp-content\/uploads\/2025\/03\/malt-in-france-whisky-francais-salon-rennes-whisky-mag-kilt-scaled.jpg 1707w, https:\/\/whisky-francais.com\/wp-content\/uploads\/2025\/03\/malt-in-france-whisky-francais-salon-rennes-whisky-mag-kilt-200x300.jpg 200w, https:\/\/whisky-francais.com\/wp-content\/uploads\/2025\/03\/malt-in-france-whisky-francais-salon-rennes-whisky-mag-kilt-683x1024.jpg 683w, https:\/\/whisky-francais.com\/wp-content\/uploads\/2025\/03\/malt-in-france-whisky-francais-salon-rennes-whisky-mag-kilt-768x1152.jpg 768w, https:\/\/whisky-francais.com\/wp-content\/uploads\/2025\/03\/malt-in-france-whisky-francais-salon-rennes-whisky-mag-kilt-1024x1536.jpg 1024w, https:\/\/whisky-francais.com\/wp-content\/uploads\/2025\/03\/malt-in-france-whisky-francais-salon-rennes-whisky-mag-kilt-1365x2048.jpg 1365w\" sizes=\"(max-width: 1707px) 100vw, 1707px\" \/><\/p>\n<p data-start=\"1955\" data-end=\"2058\"><strong data-start=\"1955\" data-end=\"2056\">Quelles tendances marquantes observes-tu chez les consommateurs de whisky en France aujourd\u2019hui ?<\/strong><\/p>\n<p data-start=\"2060\" data-end=\"2221\"><em><strong data-start=\"770\" data-end=\"780\">Cl\u00e9ment : <\/strong>Les amateurs sont d\u00e9sormais pr\u00eats \u00e0 troquer un Scotch ou un whisky irlandais contre une ou deux bouteilles de whisky fran\u00e7ais dans leur collection personnelle.<\/em><\/p>\n<p data-start=\"2223\" data-end=\"2456\"><em>Je pense aussi qu\u2019il y a une vraie envie de rencontrer les \u00ab\u00a0p&rsquo;tits gars\u00a0\u00bb qui suent derri\u00e8re les alambics en chauffe ! Ce lien humain est plus difficile \u00e0 retrouver avec des distilleries internationales comme Lagavulin, par exemple.<\/em><\/p>\n<p data-start=\"2458\" data-end=\"2629\"><em>Les visites de distilleries se multiplient, et ce n\u2019est pas un hasard : les consommateurs veulent comprendre, voir, toucher et \u00e9changer directement avec les producteurs.<\/em><\/p>\n<p data-start=\"2631\" data-end=\"2708\"><strong data-start=\"2631\" data-end=\"2706\">Combien d\u2019exposants les visiteurs pourront-ils rencontrer cette ann\u00e9e ?<\/strong><\/p>\n<p data-start=\"2710\" data-end=\"2953\"><em><strong data-start=\"770\" data-end=\"780\">Cl\u00e9ment : <\/strong>Nous aurons 35 exposants, ainsi qu\u2019une cuv\u00e9e sp\u00e9ciale Malt in France sign\u00e9e Naguelann ! \u00c0 l\u2019occasion du salon, la distillerie pr\u00e9sentera \u00e9galement son tout premier brut de f\u00fbt en production 100 % Naguelann (et tu as l\u2019info en exclusivit\u00e9 !).<\/em><\/p>\n<p data-start=\"2955\" data-end=\"3084\"><em>En compl\u00e9ment, nous proposerons six masterclass et conf\u00e9rences pour approfondir encore plus la d\u00e9couverte du whisky fran\u00e7ais.<\/em><\/p>\n<p data-start=\"3086\" data-end=\"3217\"><strong data-start=\"3086\" data-end=\"3137\">Inscription et informations compl\u00e9mentaires ici<\/strong> :<br data-start=\"3139\" data-end=\"3142\" \/>\ud83d\udc49 <a href=\"https:\/\/www.salonmaltinfrance.fr\/\" target=\"_new\" rel=\"noopener\" data-start=\"3145\" data-end=\"3215\">https:\/\/www.salonmaltinfrance.fr\/<\/a><\/p>\n<figure id=\"attachment_7815\" aria-describedby=\"caption-attachment-7815\" style=\"width: 2560px\" class=\"wp-caption aligncenter\"><img loading=\"lazy\" decoding=\"async\" data-attachment-id=\"7815\" data-permalink=\"https:\/\/whisky-francais.com\/index.php\/2025\/03\/06\/malt-in-france-2\/malt-in-france-whisky-francais-salon-rennes-cherchez-l-intru\/\" data-orig-file=\"https:\/\/whisky-francais.com\/wp-content\/uploads\/2025\/03\/malt-in-france-whisky-francais-salon-rennes-cherchez-l-intru-scaled.jpg\" data-orig-size=\"2560,2268\" data-comments-opened=\"0\" data-image-meta=\"{&quot;aperture&quot;:&quot;4&quot;,&quot;credit&quot;:&quot;&quot;,&quot;camera&quot;:&quot;Canon EOS 6D Mark II&quot;,&quot;caption&quot;:&quot;&quot;,&quot;created_timestamp&quot;:&quot;1712425678&quot;,&quot;copyright&quot;:&quot;&quot;,&quot;focal_length&quot;:&quot;35&quot;,&quot;iso&quot;:&quot;100&quot;,&quot;shutter_speed&quot;:&quot;0.004&quot;,&quot;title&quot;:&quot;&quot;,&quot;orientation&quot;:&quot;1&quot;}\" data-image-title=\"malt in france whisky francais salon rennes cherchez l intru\" data-image-description=\"\" data-image-caption=\"&lt;p&gt;Cherchez l&amp;rsquo;intrus !&lt;\/p&gt;\n\" data-medium-file=\"https:\/\/whisky-francais.com\/wp-content\/uploads\/2025\/03\/malt-in-france-whisky-francais-salon-rennes-cherchez-l-intru-300x266.jpg\" data-large-file=\"https:\/\/whisky-francais.com\/wp-content\/uploads\/2025\/03\/malt-in-france-whisky-francais-salon-rennes-cherchez-l-intru-1024x907.jpg\" class=\"size-full wp-image-7815\" src=\"https:\/\/whisky-francais.com\/wp-content\/uploads\/2025\/03\/malt-in-france-whisky-francais-salon-rennes-cherchez-l-intru-scaled.jpg\" alt=\"cherchez l'intrus !\" width=\"2560\" height=\"2268\" srcset=\"https:\/\/whisky-francais.com\/wp-content\/uploads\/2025\/03\/malt-in-france-whisky-francais-salon-rennes-cherchez-l-intru-scaled.jpg 2560w, https:\/\/whisky-francais.com\/wp-content\/uploads\/2025\/03\/malt-in-france-whisky-francais-salon-rennes-cherchez-l-intru-300x266.jpg 300w, https:\/\/whisky-francais.com\/wp-content\/uploads\/2025\/03\/malt-in-france-whisky-francais-salon-rennes-cherchez-l-intru-1024x907.jpg 1024w, https:\/\/whisky-francais.com\/wp-content\/uploads\/2025\/03\/malt-in-france-whisky-francais-salon-rennes-cherchez-l-intru-768x680.jpg 768w, https:\/\/whisky-francais.com\/wp-content\/uploads\/2025\/03\/malt-in-france-whisky-francais-salon-rennes-cherchez-l-intru-1536x1361.jpg 1536w, https:\/\/whisky-francais.com\/wp-content\/uploads\/2025\/03\/malt-in-france-whisky-francais-salon-rennes-cherchez-l-intru-2048x1815.jpg 2048w\" sizes=\"(max-width: 2560px) 100vw, 2560px\" \/><figcaption id=\"caption-attachment-7815\" class=\"wp-caption-text\"><span style=\"color: #999999;\"><em>Cherchez l&rsquo;intrus !<\/em><\/span><\/figcaption><\/figure>\n","protected":false},"excerpt":{"rendered":"<p>Les 5 et 6 avril prochains, la seconde \u00e9dition du Salon Malt in France ouvre ses portes !Apr\u00e8s le succ\u00e8s<\/p>\n","protected":false},"author":1,"featured_media":7813,"comment_status":"closed","ping_status":"closed","sticky":false,"template":"","format":"standard","meta":{"jetpack_post_was_ever_published":true,"footnotes":"","jetpack_publicize_message":"","jetpack_is_tweetstorm":false,"jetpack_publicize_feature_enabled":true,"jetpack_social_post_already_shared":true,"jetpack_social_options":{"image_generator_settings":{"template":"highway","enabled":false}}},"categories":[9,34,1],"tags":[],"class_list":["post-7811","post","type-post","status-publish","format-standard","has-post-thumbnail","hentry","category-actualites","category-focus","category-non-classe"],"jetpack_publicize_connections":[],"jetpack_featured_media_url":"https:\/\/whisky-francais.com\/wp-content\/uploads\/2025\/03\/malt-in-france-whisky-francais-salon-rennes-scaled.jpg","jetpack_sharing_enabled":true,"jetpack_shortlink":"https:\/\/wp.me\/p8oZPa-21Z","jetpack-related-posts":[{"id":7151,"url":"https:\/\/whisky-francais.com\/index.php\/2024\/02\/22\/malt-in-france-le-premier-salon-100-dedie-au-whisky-francais\/","url_meta":{"origin":7811,"position":0},"title":"Malt in France &#8211; Le premier salon 100% d\u00e9di\u00e9 au whisky Fran\u00e7ais","date":"22 f\u00e9vrier 2024","format":false,"excerpt":"Les 6 et 7 Avril prochains, \u00e0 Renne, se tiendra le premier Salon int\u00e9gralement consacr\u00e9 au Whisky Fran\u00e7ais ! Une date \u00e0 marquer d\u2019une pierre blanche. On pose donc 5 questions \u00e0 Cl\u00e9ment Molliens, co-organisateur du salon Malt in France. Bonjour Cl\u00e9ment, avant toute chose, peux-tu nous dire quelques mots\u2026","rel":"","context":"Dans &quot;Focus&quot;","img":{"alt_text":"","src":"https:\/\/i0.wp.com\/whisky-francais.com\/wp-content\/uploads\/2024\/02\/malt-in-france.jpg?resize=350%2C200&ssl=1","width":350,"height":200},"classes":[]},{"id":4976,"url":"https:\/\/whisky-francais.com\/index.php\/2020\/02\/25\/concours-general-agricole-2020-le-palmares\/","url_meta":{"origin":7811,"position":1},"title":"Concours G\u00e9n\u00e9ral Agricole 2020 &#8211; Le palmar\u00e8s !","date":"25 f\u00e9vrier 2020","format":false,"excerpt":"L\u2019\u00c9dition 2020 du Concours G\u00e9n\u00e9ral Agricole a \u00e9t\u00e9 particuli\u00e8rement riche pour la cat\u00e9gorie whisky.Plus de 69 \u00e9chantillons concouraient dans 5 section diff\u00e9rentes :Une section pour chacune des deux IGP dont les cahier des charges sont bien diff\u00e9rent (cf : Igp whisky Alsacien VS whisky Breton).Une troisi\u00e8me pour les autres whiskies\u2026","rel":"","context":"Dans &quot;Actualit\u00e9s&quot;","img":{"alt_text":"","src":"https:\/\/i0.wp.com\/whisky-francais.com\/wp-content\/uploads\/2020\/02\/EDV.jpg?resize=350%2C200&ssl=1","width":350,"height":200},"classes":[]},{"id":4230,"url":"https:\/\/whisky-francais.com\/index.php\/2019\/02\/26\/concours-general-agricole-2019-palmares\/","url_meta":{"origin":7811,"position":2},"title":"Concours g\u00e9n\u00e9ral Agricole 2019 &#8211; Palmar\u00e8s","date":"26 f\u00e9vrier 2019","format":false,"excerpt":"Le verdict de l'\u00e9dition 2019 du concours g\u00e9n\u00e9ral agricole est tomb\u00e9 ! Avant d'en d\u00e9voiler davantage, il faut savoir que l'attribution des m\u00e9dailles fonctionne selon le processus suivant : Plusieurs tables de 5 personnes se voient attribuer 10 whiskies \u00e0 d\u00e9guster \u00e0 l'aveugle . Les jur\u00e9s ne sont pas n\u00e9cessairement\u2026","rel":"","context":"Dans &quot;Actualit\u00e9s&quot;","img":{"alt_text":"Concours general agricole 2019, Whisky Fran\u00e7ais, French Whisky, Lilya Sekkal, Matthieu Acar, Xavier Brevet, d\u00e9gustation, whisky, masterclass, Paris, atelier, d\u00e9gustation","src":"https:\/\/i0.wp.com\/whisky-francais.com\/wp-content\/uploads\/2019\/02\/concours-general-agricole-2019.jpg?resize=350%2C200&ssl=1","width":350,"height":200},"classes":[]},{"id":7202,"url":"https:\/\/whisky-francais.com\/index.php\/2024\/04\/10\/les-nouveautes-du-salon-malt-in-france\/","url_meta":{"origin":7811,"position":3},"title":"Les nouveaut\u00e9s du Salon Malt In France","date":"10 avril 2024","format":false,"excerpt":"Ce weekend se tenait la premi\u00e8re \u00e9dition du salon Malt In France, le premier salon 100% d\u00e9di\u00e9 au whiskies fran\u00e7ais ! Situ\u00e9 aux ateliers du vent \u00e0 Rennes, le salon s\u2019est d\u00e9roul\u00e9 dans une ambiance festive, rythm\u00e9 par le son du Biniou et parrain\u00e9 par l\u2019IGP whisky Breton.","rel":"","context":"Dans &quot;Castan&quot;","img":{"alt_text":"","src":"https:\/\/i0.wp.com\/whisky-francais.com\/wp-content\/uploads\/2024\/04\/maltinfrance-2.jpg?resize=350%2C200&ssl=1","width":350,"height":200},"classes":[]},{"id":3890,"url":"https:\/\/whisky-francais.com\/index.php\/2019\/07\/22\/g-miclo-welches-whisky-single-cask-2-cuvee-des-grands-palais-513\/","url_meta":{"origin":7811,"position":4},"title":"G.Miclo &#8211; Welche&rsquo;s Whisky Single Cask # 2 &#8211; Cuv\u00e9e des Grands Palais &#8211; 51,3%","date":"22 juillet 2019","format":false,"excerpt":"\u00c0 quelques kilom\u00e8tres \u00e0 l'est de Colmar se trouve le pays Welche 's, une zone de moyenne montagne sur les contreforts des cr\u00eates Vosgiennes qui accueillent le village de Lapoutroie. C'est dans cette bourgade qui compte pr\u00e9s de 2000 \u00e2mes, et plus pr\u00e9cis\u00e9ment \u00e0 la distillerie G. Miclo que, le\u2026","rel":"","context":"Dans &quot;C\u00e9r\u00e9alier&quot;","img":{"alt_text":"Welche's Single Cask #2, Whisky Single Malt, Distillerie G. Miclo, Lapoutroie, Gilbert Miclo, Michel Miclo, Bertrand Lutt-Miclo, Daniel Hanser, whisky, Welche\u2019s Whisky Single Malt, Whisky, orge, Holstein, Sauternes, Bourgogne, IG Whisky d'Alsace, France, whisky, whisky Fran\u00e7ais, French whisky, orge, distillation, Matthieu Acar, Xavier Brevet, Lilya Sekkal, d\u00e9gustation, whisky, acad\u00e9mie, masterclass, Paris","src":"https:\/\/i0.wp.com\/whisky-francais.com\/wp-content\/uploads\/2019\/05\/IMG_20190519_115920.jpg?resize=350%2C200&ssl=1","width":350,"height":200},"classes":[]},{"id":2194,"url":"https:\/\/whisky-francais.com\/index.php\/2017\/07\/20\/welches-whisky-single-malt-tourbe-46\/","url_meta":{"origin":7811,"position":5},"title":"Welche\u2019s Whisky Single &#8211; Malt Tourb\u00e9 &#8211; 46%","date":"20 juillet 2017","format":false,"excerpt":"La distillerie G. Miclo nous offre le 1er whisky intens\u00e9ment tourb\u00e9 d'Alsace, d\u00e9gustation : Description Vieilli en f\u00fbt de Sauternes pendant 4 ans et demi, ce single malt de la distillerie membre de l'IG \"whisky Alsacien\"\u00a0\u00a0est issu d'orge tourb\u00e9e\u00a0\u00e0 environ 30 ppm. Il\u00a0est non filtr\u00e9 \u00e0 froid\u00a0et est r\u00e9duit \u00e0\u2026","rel":"","context":"Dans &quot;Distillerie&quot;","img":{"alt_text":"Welche's Whisky Single Malt Tourb\u00e9, Distillerie G. Miclo, Lapoutroie, Gilbert Miclo, Michel Miclo, Bertrand Lutt-Miclo, Daniel Hanser, whisky, Welche\u2019s Whisky Single Malt 43%, Welche\u2019s Whisky Single Malt Fine Tourbe 43%, Welche\u2019s Whisky Single Malt Tourb\u00e9 46%, Welche\u2019s Whisky Single malt, Welche\u2019s Whisky Single malt tourb\u00e9, orge, Holstein, Sauternes, Bourgogne, IG Whisky d'Alsace, France, whisky, whisky Fran\u00e7ais, French whisky, orge, distillation. Matthieu Acar, Xavier Brevet, Lilya Sekkal, d\u00e9gustation, whisky, acad\u00e9mie, masterclass, Paris, atelier, d\u00e9gustation, whisky","src":"https:\/\/i0.wp.com\/whisky-francais.com\/wp-content\/uploads\/2017\/07\/Welche\u2019s-Whisky-Single-Malt-Tourbe-43-distillerie-Miclo.jpg?resize=350%2C200&ssl=1","width":350,"height":200},"classes":[]}],"_links":{"self":[{"href":"https:\/\/whisky-francais.com\/index.php\/wp-json\/wp\/v2\/posts\/7811"}],"collection":[{"href":"https:\/\/whisky-francais.com\/index.php\/wp-json\/wp\/v2\/posts"}],"about":[{"href":"https:\/\/whisky-francais.com\/index.php\/wp-json\/wp\/v2\/types\/post"}],"author":[{"embeddable":true,"href":"https:\/\/whisky-francais.com\/index.php\/wp-json\/wp\/v2\/users\/1"}],"replies":[{"embeddable":true,"href":"https:\/\/whisky-francais.com\/index.php\/wp-json\/wp\/v2\/comments?post=7811"}],"version-history":[{"count":3,"href":"https:\/\/whisky-francais.com\/index.php\/wp-json\/wp\/v2\/posts\/7811\/revisions"}],"predecessor-version":[{"id":7817,"href":"https:\/\/whisky-francais.com\/index.php\/wp-json\/wp\/v2\/posts\/7811\/revisions\/7817"}],"wp:featuredmedia":[{"embeddable":true,"href":"https:\/\/whisky-francais.com\/index.php\/wp-json\/wp\/v2\/media\/7813"}],"wp:attachment":[{"href":"https:\/\/whisky-francais.com\/index.php\/wp-json\/wp\/v2\/media?parent=7811"}],"wp:term":[{"taxonomy":"category","embeddable":true,"href":"https:\/\/whisky-francais.com\/index.php\/wp-json\/wp\/v2\/categories?post=7811"},{"taxonomy":"post_tag","embeddable":true,"href":"https:\/\/whisky-francais.com\/index.php\/wp-json\/wp\/v2\/tags?post=7811"}],"curies":[{"name":"wp","href":"https:\/\/api.w.org\/{rel}","templated":true}]}}